{"id":126745,"date":"2024-11-09T02:32:34","date_gmt":"2024-11-09T02:32:34","guid":{"rendered":"https:\/\/colimdo.org\/?p=126745"},"modified":"2024-11-09T02:32:34","modified_gmt":"2024-11-09T02:32:34","slug":"la-ii-gala-del-deporte-romanense-se-llevara-a-cabo-este-mes","status":"publish","type":"post","link":"https:\/\/colimdo.org\/noticias\/la-ii-gala-del-deporte-romanense-se-llevara-a-cabo-este-mes\/","title":{"rendered":"La II Gala del Deporte Romanense se llevar\u00e1 a cabo este mes"},"content":{"rendered":"<p>LA ROMANA.- \u00a0La Uni\u00f3n Deportiva Romanense (UDERO), \u00a0anunci\u00f3 la celebraci\u00f3n de la segunda edici\u00f3n de la Gala del Deporte Romanense, este pr\u00f3ximo domingo 24 de noviembre.<\/p>\n<p>El acto ser\u00e1 realizado en la Alianza Juvenil por el Deporte y la Cultura, iniciando a las 10:00 de la ma\u00f1ana con la presencia de todos los atletas que ser\u00e1n premiados y los dirigentes deportivos de cada asociaci\u00f3n.<\/p>\n<p>La informaci\u00f3n la ofreci\u00f3 Am\u00f3s Anglada, presidente de la entidad que aglutina al movimiento deportivo de la provincia.<\/p>\n<p>&#8220;Nos place a anunciar que desde hace un par de meses estamos trabajando para el montaje de la Gala del Deporte Romanense, la misma tendr\u00e1 una especial dedicatoria al profesor Arturo Morales Espinal, padre de la organizaci\u00f3n deportiva de La Romana&#8221;, expres\u00f3 Am\u00f3s.<\/p>\n<p>Adem\u00e1s de los atletas, tambi\u00e9n ser\u00e1 reconocido el Dirigente del A\u00f1o, as\u00ed como la Asociaci\u00f3n m\u00e1s Destacada.<\/p>\n<p>\u201cConfiamos en el respaldo de las autoridades y sector privado de La Romana para poder celebrar por lo m\u00e1s alto el \u00e9xito de nuestros atletas y sus dirigentes\u201d, dijo Anglada.<\/p>\n<p>Fiordaliza Cofil fue electa Atleta del A\u00f1o en la primera gala.<\/p>\n","protected":false},"excerpt":{"rendered":"<p>LA ROMANA.- \u00a0La Uni\u00f3n Deportiva Romanense (UDERO), \u00a0anunci\u00f3 la celebraci\u00f3n de la segunda edici\u00f3n de la Gala del Deporte Romanense, este pr\u00f3ximo domingo 24 de noviembre. El acto ser\u00e1 realizado en la Alianza Juvenil por el Deporte y la Cultura, iniciando a las 10:00 de la ma\u00f1ana con la presencia de todos los atletas que [&hellip;]<\/p>\n","protected":false},"author":13,"featured_media":126746,"comment_status":"closed","ping_status":"closed","sticky":false,"template":"","format":"standard","meta":[],"categories":[83143,2,60],"tags":[100660],"acf":[],"_links":{"self":[{"href":"https:\/\/colimdo.org\/wp-api\/wp\/v2\/posts\/126745"}],"collection":[{"href":"https:\/\/colimdo.org\/wp-api\/wp\/v2\/posts"}],"about":[{"href":"https:\/\/colimdo.org\/wp-api\/wp\/v2\/types\/post"}],"author":[{"embeddable":true,"href":"https:\/\/colimdo.org\/wp-api\/wp\/v2\/users\/13"}],"replies":[{"embeddable":true,"href":"https:\/\/colimdo.org\/wp-api\/wp\/v2\/comments?post=126745"}],"version-history":[{"count":1,"href":"https:\/\/colimdo.org\/wp-api\/wp\/v2\/posts\/126745\/revisions"}],"predecessor-version":[{"id":126747,"href":"https:\/\/colimdo.org\/wp-api\/wp\/v2\/posts\/126745\/revisions\/126747"}],"wp:featuredmedia":[{"embeddable":true,"href":"https:\/\/colimdo.org\/wp-api\/wp\/v2\/media\/126746"}],"wp:attachment":[{"href":"https:\/\/colimdo.org\/wp-api\/wp\/v2\/media?parent=126745"}],"wp:term":[{"taxonomy":"category","embeddable":true,"href":"https:\/\/colimdo.org\/wp-api\/wp\/v2\/categories?post=126745"},{"taxonomy":"post_tag","embeddable":true,"href":"https:\/\/colimdo.org\/wp-api\/wp\/v2\/tags?post=126745"}],"curies":[{"name":"wp","href":"https:\/\/api.w.org\/{rel}","templated":true}]}}