{"id":126844,"date":"2024-11-14T19:07:19","date_gmt":"2024-11-14T19:07:19","guid":{"rendered":"https:\/\/colimdo.org\/?p=126844"},"modified":"2024-11-14T19:07:19","modified_gmt":"2024-11-14T19:07:19","slug":"fedotenis-da-inicio-al-curso-para-jueces-de-silla-chapa-verde-nivel-1","status":"publish","type":"post","link":"https:\/\/colimdo.org\/noticias\/fedotenis-da-inicio-al-curso-para-jueces-de-silla-chapa-verde-nivel-1\/","title":{"rendered":"Fedotenis da inicio al Curso Para Jueces de Silla Chapa Verde Nivel 1"},"content":{"rendered":"<p>SANTO DOMINGO.- La Federaci\u00f3n Dominicana de Tenis (Fedotenis), con el apoyo de la Federaci\u00f3n Internacional de Tenis (ITF), dio inicio este jueves 14 de noviembre al Curso Para Jueces de Silla Chapa Verde Nivel 1, en el que toman parte 22 \u00e1rbitros de toda Am\u00e9rica, en el Centro Nacional de Tenis del Parque del Este.<\/p>\n<p>El taller te\u00f3rico-pr\u00e1ctico estar\u00e1 hasta el d\u00eda lunes 18 del presente a\u00f1o. El mismo ser\u00e1 impartido por los brasile\u00f1os Ricardo Reis y Aline Rocha. De Espa\u00f1a estar\u00e1 Manuel Franco.<\/p>\n<p>Participan en el curso \u00e1rbitros de Argentina, Paraguay, Colombia, Chile, Ecuador, Brasil, Rep\u00fablica Dominicana, entre otras nacionalidades. El taller tendr\u00e1 horario corrido de 9 a 6 de la tarde, los cinco d\u00edas.<\/p>\n<p>Al final los que pasen el curso se les entregar\u00e1 insignias que lo acredita como \u00e1rbitros Chapa Verde, indic\u00f3 Alexis Alc\u00e1ntara, director ejecutivo y tesorero de la Fedotenis.<\/p>\n<p>\u201cEste curso se enmarca dentro del programa de formaci\u00f3n de entrenadores y \u00e1rbitros que tiene la Fedotenis, en donde con este curso de Chapa Verde, Rep\u00fablica Dominicana someter\u00e1 a cinco jueces de silla locales para que eleven su nivel, y eso va a repercutir de manera significativa en los costos en los eventos que se organizan en el pa\u00eds\u201d, explic\u00f3 Alc\u00e1ntara.<\/p>\n<p>A\u00f1adi\u00f3 que en lo que resta del a\u00f1o \u201ctendremos dos cursos m\u00e1s, uno de ellos a los profesores de educaci\u00f3n f\u00edsica, con el apoyo del Inefi, coordinado por la \u00e1rbitro Luisanna Rodr\u00edguez.<\/p>\n<p>El profesor Ricardo Reis, de Brasil, dio las gracias a la Fedotenis y a la ITF por organizar y apoyar este curso \u201ctan importante para los \u00e1rbitros de la zona de Am\u00e9rica.<\/p>\n","protected":false},"excerpt":{"rendered":"<p>SANTO DOMINGO.- La Federaci\u00f3n Dominicana de Tenis (Fedotenis), con el apoyo de la Federaci\u00f3n Internacional de Tenis (ITF), dio inicio este jueves 14 de noviembre al Curso Para Jueces de Silla Chapa Verde Nivel 1, en el que toman parte 22 \u00e1rbitros de toda Am\u00e9rica, en el Centro Nacional de Tenis del Parque del Este. [&hellip;]<\/p>\n","protected":false},"author":13,"featured_media":126845,"comment_status":"closed","ping_status":"closed","sticky":false,"template":"","format":"standard","meta":[],"categories":[3,2,60],"tags":[79780],"acf":[],"_links":{"self":[{"href":"https:\/\/colimdo.org\/wp-api\/wp\/v2\/posts\/126844"}],"collection":[{"href":"https:\/\/colimdo.org\/wp-api\/wp\/v2\/posts"}],"about":[{"href":"https:\/\/colimdo.org\/wp-api\/wp\/v2\/types\/post"}],"author":[{"embeddable":true,"href":"https:\/\/colimdo.org\/wp-api\/wp\/v2\/users\/13"}],"replies":[{"embeddable":true,"href":"https:\/\/colimdo.org\/wp-api\/wp\/v2\/comments?post=126844"}],"version-history":[{"count":1,"href":"https:\/\/colimdo.org\/wp-api\/wp\/v2\/posts\/126844\/revisions"}],"predecessor-version":[{"id":126846,"href":"https:\/\/colimdo.org\/wp-api\/wp\/v2\/posts\/126844\/revisions\/126846"}],"wp:featuredmedia":[{"embeddable":true,"href":"https:\/\/colimdo.org\/wp-api\/wp\/v2\/media\/126845"}],"wp:attachment":[{"href":"https:\/\/colimdo.org\/wp-api\/wp\/v2\/media?parent=126844"}],"wp:term":[{"taxonomy":"category","embeddable":true,"href":"https:\/\/colimdo.org\/wp-api\/wp\/v2\/categories?post=126844"},{"taxonomy":"post_tag","embeddable":true,"href":"https:\/\/colimdo.org\/wp-api\/wp\/v2\/tags?post=126844"}],"curies":[{"name":"wp","href":"https:\/\/api.w.org\/{rel}","templated":true}]}}