{"id":126965,"date":"2024-11-20T17:00:49","date_gmt":"2024-11-20T17:00:49","guid":{"rendered":"https:\/\/colimdo.org\/?p=126965"},"modified":"2024-11-20T17:00:56","modified_gmt":"2024-11-20T17:00:56","slug":"casa-nacional-del-judo-celebrara-copa-invitacional-este-sabado","status":"publish","type":"post","link":"https:\/\/colimdo.org\/noticias\/casa-nacional-del-judo-celebrara-copa-invitacional-este-sabado\/","title":{"rendered":"Casa Nacional del Judo celebrar\u00e1 Copa Invitacional este s\u00e1bado"},"content":{"rendered":"<p>SANTO DOMINGO. El Club de Judo Casa Nacional celebrar\u00e1 este s\u00e1bado, desde las 9:00 de la ma\u00f1ana, la Copa Invitacional en el Pabell\u00f3n de Judo del Centro Ol\u00edmpico Juan Pablo Duarte.<\/p>\n<p>El certamen reunir\u00e1 a atletas de las categor\u00edas menores de clubes del Distrito Nacional, as\u00ed como delegaciones de diferentes asociaciones de judo del pa\u00eds.<\/p>\n<p>La informaci\u00f3n la dio a conocer el martes Wilkin Ogando, presidente del Club de Judo Casa Nacional, junto a directivos de la entidad, quien adem\u00e1s dijo que la ceremonia de inauguraci\u00f3n est\u00e1 pautada para las 11:00 de la ma\u00f1ana.<\/p>\n<p>En el encuentro con la prensa estuvieron adem\u00e1s Modesto Ovalles, Elmert Ramirez, Damaris Segura, Jos\u00e9 Ger\u00f3nimo, Wilkin Ogando, Luisa Mart\u00ednez, Edgar Garc\u00eda y Manuel Minier.<\/p>\n<p>Las competencias se llevar\u00e1n a cabo en las categor\u00edas junior y senior, as\u00ed como en infantil B y cadete, al igual que benjam\u00edn e infantil A.<\/p>\n<p>El certamen, organizado por el Club\u00a0Casa\u00a0Nacional\u00a0del\u00a0Judo, cuenta con el aval de la Federaci\u00f3n Dominicana de esa disciplina.<\/p>\n<p>El pasado a\u00f1o, la representaci\u00f3n del Club\u00a0Casa\u00a0Nacional\u00a0se consagras\u00f3 campe\u00f3n de la Copa Invitacional de\u00a0Judo\u00a0con un total de 2,179 puntos, producto de 21 medallas de oro, siete de plata y nueve de bronce.<\/p>\n<p>&nbsp;<\/p>\n<p>Modesto Ovalles, Elmert Ramirez, Damaris Segura, Jos\u00e9 Ger\u00f3nimo, Wilkin Ogando, Luisa Mart\u00ednez, Edgar Garc\u00eda y Manuel Minier.<\/p>\n","protected":false},"excerpt":{"rendered":"<p>SANTO DOMINGO. El Club de Judo Casa Nacional celebrar\u00e1 este s\u00e1bado, desde las 9:00 de la ma\u00f1ana, la Copa Invitacional en el Pabell\u00f3n de Judo del Centro Ol\u00edmpico Juan Pablo Duarte. El certamen reunir\u00e1 a atletas de las categor\u00edas menores de clubes del Distrito Nacional, as\u00ed como delegaciones de diferentes asociaciones de judo del pa\u00eds. [&hellip;]<\/p>\n","protected":false},"author":13,"featured_media":126966,"comment_status":"closed","ping_status":"closed","sticky":false,"template":"","format":"standard","meta":[],"categories":[83143,2,60],"tags":[24284],"acf":[],"_links":{"self":[{"href":"https:\/\/colimdo.org\/wp-api\/wp\/v2\/posts\/126965"}],"collection":[{"href":"https:\/\/colimdo.org\/wp-api\/wp\/v2\/posts"}],"about":[{"href":"https:\/\/colimdo.org\/wp-api\/wp\/v2\/types\/post"}],"author":[{"embeddable":true,"href":"https:\/\/colimdo.org\/wp-api\/wp\/v2\/users\/13"}],"replies":[{"embeddable":true,"href":"https:\/\/colimdo.org\/wp-api\/wp\/v2\/comments?post=126965"}],"version-history":[{"count":1,"href":"https:\/\/colimdo.org\/wp-api\/wp\/v2\/posts\/126965\/revisions"}],"predecessor-version":[{"id":126967,"href":"https:\/\/colimdo.org\/wp-api\/wp\/v2\/posts\/126965\/revisions\/126967"}],"wp:featuredmedia":[{"embeddable":true,"href":"https:\/\/colimdo.org\/wp-api\/wp\/v2\/media\/126966"}],"wp:attachment":[{"href":"https:\/\/colimdo.org\/wp-api\/wp\/v2\/media?parent=126965"}],"wp:term":[{"taxonomy":"category","embeddable":true,"href":"https:\/\/colimdo.org\/wp-api\/wp\/v2\/categories?post=126965"},{"taxonomy":"post_tag","embeddable":true,"href":"https:\/\/colimdo.org\/wp-api\/wp\/v2\/tags?post=126965"}],"curies":[{"name":"wp","href":"https:\/\/api.w.org\/{rel}","templated":true}]}}