{"id":127194,"date":"2024-12-03T22:45:53","date_gmt":"2024-12-03T22:45:53","guid":{"rendered":"https:\/\/colimdo.org\/?p=127194"},"modified":"2024-12-03T22:46:21","modified_gmt":"2024-12-03T22:46:21","slug":"provincia-monte-plata-primer-lugar-torneo-nacional-de-taekwondo","status":"publish","type":"post","link":"https:\/\/colimdo.org\/noticias\/provincia-monte-plata-primer-lugar-torneo-nacional-de-taekwondo\/","title":{"rendered":"Provincia Monte Plata, primer lugar Torneo Nacional de Taekwondo"},"content":{"rendered":"<p>La provincia Monte Plata se alz\u00f3 con los m\u00e1ximos honores del Campeonato Nacional de Taekwondo, celebrado en el bajo techo del club Mauricio B\u00e1ez con la participaci\u00f3n de m\u00e1s de 350 competidores.<\/p>\n<p>Los de Monte Plata sumaron un total de 206 puntos para finalmente levantar el trofeo de campe\u00f3n.<\/p>\n<p>Los m\u00e9ritos de segundo lugar (Sub campe\u00f3n) fueron para Santiago, que termin\u00f3 con una puntuaci\u00f3n de 106, mientras que la provincia Duarte computariz\u00f3 113 tantos para reclamar el trofeo de tercer lugar.<\/p>\n<p>La provincia Hermanas Mirabal tambi\u00e9n registr\u00f3 un buen desempe\u00f1o, tras sumar 57 puntos y concluir en la cuarta posici\u00f3n.<\/p>\n<p>En el evento se compiti\u00f3 en las categor\u00edas infantil, junior, cadete y senior, tanto en masculino como en femenino.<br \/>\nPrevio al inicio de las competencias se celebr\u00f3 la tradicional ceremonia de apertura, la cual incluy\u00f3 el desfile de las delegaciones participantes y la interpretaci\u00f3n del himno nacional.<\/p>\n<p>Las palabras centrales estuvieron a cargo del presidente de la Federaci\u00f3n Dominicana de Taekwondo, Miguel Camacho, mientras que la exhortaci\u00f3n ol\u00edmpica fue realizada por el veterano periodista Leo Corpor\u00e1n, asesor y fundador del club Mauricio B\u00e1ez.<\/p>\n<p>\u201cEste campeonato es el evento cumbre en la agenda nacional de la Federaci\u00f3n Dominicana de Taekwondo \u201c, expuso Camacho, quien destac\u00f3 que en la emblem\u00e1tica instalaci\u00f3n del sector de Villa Juana, en referencia al club Mauricio B\u00e1ez, estaba concentrado el futuro del Taekwondo dominicano.<\/p>\n<p>\u201cAqu\u00ed est\u00e1 lo mejor del Taekwondo nacional en todas las categor\u00edas y en ambas ramas (masculino y femenino) y de este campeonato salen los atletas que nos representar\u00e1n a nivel internacional \u201c, agreg\u00f3.<br \/>\nDebido a la gran cantidad de participantes, las competencias se extendieron hasta cerca de la media noche del pasado domingo.<\/p>\n<p>Camacho record\u00f3 que el Taekwondo es un deporte que le ha dado a Rep\u00fablica Dominicana dos medallas ol\u00edmpicas: Gabriel Mercedes (plata en Beijing 2008) y Luis. Pie (bronce, R\u00edo 2016), adem\u00e1s de m\u00faltiples preseas en Juegos Centroamericanos y del Caribe, Juegos Panamericanos y campeonatos mundiales.<\/p>\n<p>De su lado, Leo Corpor\u00e1n resalt\u00f3 que para el club Mauricio B\u00e1ez \u201ces un honor acoger el torneo nacional de un deporte que ha dado tantos logros al pa\u00eds, como lo es el Taekwondo \u201c.<\/p>\n<p>Exhort\u00f3 a los participantes competir con gallard\u00eda, seguir entrenando fuerte y no descuidar los estadios.<\/p>\n","protected":false},"excerpt":{"rendered":"<p>La provincia Monte Plata se alz\u00f3 con los m\u00e1ximos honores del Campeonato Nacional de Taekwondo, celebrado en el bajo techo del club Mauricio B\u00e1ez con la participaci\u00f3n de m\u00e1s de 350 competidores. Los de Monte Plata sumaron un total de 206 puntos para finalmente levantar el trofeo de campe\u00f3n. Los m\u00e9ritos de segundo lugar (Sub [&hellip;]<\/p>\n","protected":false},"author":13,"featured_media":127195,"comment_status":"closed","ping_status":"closed","sticky":false,"template":"","format":"standard","meta":[],"categories":[3,2,60],"tags":[80361],"acf":[],"_links":{"self":[{"href":"https:\/\/colimdo.org\/wp-api\/wp\/v2\/posts\/127194"}],"collection":[{"href":"https:\/\/colimdo.org\/wp-api\/wp\/v2\/posts"}],"about":[{"href":"https:\/\/colimdo.org\/wp-api\/wp\/v2\/types\/post"}],"author":[{"embeddable":true,"href":"https:\/\/colimdo.org\/wp-api\/wp\/v2\/users\/13"}],"replies":[{"embeddable":true,"href":"https:\/\/colimdo.org\/wp-api\/wp\/v2\/comments?post=127194"}],"version-history":[{"count":1,"href":"https:\/\/colimdo.org\/wp-api\/wp\/v2\/posts\/127194\/revisions"}],"predecessor-version":[{"id":127196,"href":"https:\/\/colimdo.org\/wp-api\/wp\/v2\/posts\/127194\/revisions\/127196"}],"wp:featuredmedia":[{"embeddable":true,"href":"https:\/\/colimdo.org\/wp-api\/wp\/v2\/media\/127195"}],"wp:attachment":[{"href":"https:\/\/colimdo.org\/wp-api\/wp\/v2\/media?parent=127194"}],"wp:term":[{"taxonomy":"category","embeddable":true,"href":"https:\/\/colimdo.org\/wp-api\/wp\/v2\/categories?post=127194"},{"taxonomy":"post_tag","embeddable":true,"href":"https:\/\/colimdo.org\/wp-api\/wp\/v2\/tags?post=127194"}],"curies":[{"name":"wp","href":"https:\/\/api.w.org\/{rel}","templated":true}]}}