{"id":127370,"date":"2024-12-17T03:26:54","date_gmt":"2024-12-17T03:26:54","guid":{"rendered":"https:\/\/colimdo.org\/?p=127370"},"modified":"2024-12-17T03:26:54","modified_gmt":"2024-12-17T03:26:54","slug":"mini-pacman-rosa-apuesta-a-la-victoria-en-pleito-de-este-jueves","status":"publish","type":"post","link":"https:\/\/colimdo.org\/noticias\/mini-pacman-rosa-apuesta-a-la-victoria-en-pleito-de-este-jueves\/","title":{"rendered":"\u201cMini PacMan\u201d Rosa apuesta a la victoria en pleito de este jueves"},"content":{"rendered":"<p>El boxeador Erick \u201cMini PacMan\u201d Rosa afirm\u00f3 que no siente ning\u00fan tipo de presi\u00f3n para su combate del pr\u00f3ximo jueves ante el mexicano Naider Valdez por el t\u00edtulo mundial minimosca (108 libras) que avala la Asociaci\u00f3n Mundial de Boxeo.<\/p>\n<p>\u201cNo me siento presionado y si hay presi\u00f3n debe ser por parte de mi rival mexicano\u201d, plante\u00f3 \u201cMini PacMan\u201d Rosa despu\u00e9s de finalizar un entrenamiento p\u00fablico, el primero que realiza despu\u00e9s de su llegada a Rep\u00fablica Dominicana procedente desde Las Vegas, Nevada, donde cumpli\u00f3 con una base de preparaci\u00f3n.<\/p>\n<p>Y es que el dominicano enfrentar\u00e1 el pr\u00f3ximo jueves al mexicano Naider Valdez en el Pabell\u00f3n de Karate del Centro Ol\u00edmpico Juan Pablo Duarte.<\/p>\n<p>Rosa, quien ha sido dos veces campe\u00f3n mundial, pero en categor\u00eda del peso m\u00ednimo (105 libras, lleg\u00f3 a su \u00a0pa\u00eds el pasado domingo y ayer realiz\u00f3 un entrenamiento p\u00fablico en el gimnasio Central Boxing Club.<\/p>\n<p>\u201cMe encuentro en condiciones inmejorables, tanto en lo f\u00edsico como en lo mental\u201d, dijo.<\/p>\n<p>A\u00f1adi\u00f3 que viene de una preparaci\u00f3n de tres meses en un campamento de Las Vegas, Nevada, Estados Unidos, consciente del gran compromiso que tiene el pr\u00f3ximo jueves.<\/p>\n<p>\u201cMi rival es un mexicano y los mexicanos siempre son de mucho peligro\u201d, expuso Rosa, quien fue campe\u00f3n regular de la AMB en \u00a0105 libras y tambi\u00e9n ostent\u00f3 el t\u00edtulo interino del mismo organismo.<\/p>\n<p>El p\u00fagil quisqueyano decidi\u00f3 entregar su faja de campe\u00f3n para subir a las 108 libras, donde tambi\u00e9n pretende alzarse con la corona universal.<br \/>\nDe lograrlo, ingresar\u00eda a una selecta lista de boxeadores dominicanos que han sido campeones mundiales en categor\u00edas diferentes.<\/p>\n<p>De esa lista s\u00f3lo forman parte Joan Guzm\u00e1n y Javier \u201cEl Abej\u00f3n\u201d Fortuna.<br \/>\nR\u00e9cord invicto<\/p>\n<p>\u201cMini PacMan\u201d Rosa tiene r\u00e9cord invicto de 7-0, con dos triunfos por la v\u00eda del nocaut.<\/p>\n<p>Sus triunfos han sido ante p\u00fagiles extranjeros y en peleas pactadas a 10 y 12 asaltos. Su rival Valdez presenta foja de 14 victorias, incluida 11 por la v\u00eda del nocaut, con una derrota y dos empates.<\/p>\n<p><strong>La cartelera<\/strong><br \/>\nEl evento, que ha reservado su turno estelar para la pelea entre Rosa y Valdez, es organizado por la promotora dominicana Shuan Boxing, que preside B\u00e9lgica Pe\u00f1a.<\/p>\n<p>\u201cSer\u00e1 un gran espect\u00e1culo, con peleas de un alto nivel t\u00e9cnico y muy equilibrada. El p\u00fablico que asista al Pabell\u00f3n de Karate ser\u00e1 el gran ganador de este evento, que ser\u00e1 transmitido al mundo por ESPN Knockout\u201d, a\u00f1adi\u00f3.<\/p>\n","protected":false},"excerpt":{"rendered":"<p>El boxeador Erick \u201cMini PacMan\u201d Rosa afirm\u00f3 que no siente ning\u00fan tipo de presi\u00f3n para su combate del pr\u00f3ximo jueves ante el mexicano Naider Valdez por el t\u00edtulo mundial minimosca (108 libras) que avala la Asociaci\u00f3n Mundial de Boxeo. \u201cNo me siento presionado y si hay presi\u00f3n debe ser por parte de mi rival mexicano\u201d, [&hellip;]<\/p>\n","protected":false},"author":13,"featured_media":127371,"comment_status":"closed","ping_status":"closed","sticky":false,"template":"","format":"standard","meta":[],"categories":[83143,2,60],"tags":[24683],"acf":[],"_links":{"self":[{"href":"https:\/\/colimdo.org\/wp-api\/wp\/v2\/posts\/127370"}],"collection":[{"href":"https:\/\/colimdo.org\/wp-api\/wp\/v2\/posts"}],"about":[{"href":"https:\/\/colimdo.org\/wp-api\/wp\/v2\/types\/post"}],"author":[{"embeddable":true,"href":"https:\/\/colimdo.org\/wp-api\/wp\/v2\/users\/13"}],"replies":[{"embeddable":true,"href":"https:\/\/colimdo.org\/wp-api\/wp\/v2\/comments?post=127370"}],"version-history":[{"count":1,"href":"https:\/\/colimdo.org\/wp-api\/wp\/v2\/posts\/127370\/revisions"}],"predecessor-version":[{"id":127372,"href":"https:\/\/colimdo.org\/wp-api\/wp\/v2\/posts\/127370\/revisions\/127372"}],"wp:featuredmedia":[{"embeddable":true,"href":"https:\/\/colimdo.org\/wp-api\/wp\/v2\/media\/127371"}],"wp:attachment":[{"href":"https:\/\/colimdo.org\/wp-api\/wp\/v2\/media?parent=127370"}],"wp:term":[{"taxonomy":"category","embeddable":true,"href":"https:\/\/colimdo.org\/wp-api\/wp\/v2\/categories?post=127370"},{"taxonomy":"post_tag","embeddable":true,"href":"https:\/\/colimdo.org\/wp-api\/wp\/v2\/tags?post=127370"}],"curies":[{"name":"wp","href":"https:\/\/api.w.org\/{rel}","templated":true}]}}