{"id":127447,"date":"2024-12-22T20:37:39","date_gmt":"2024-12-22T20:37:39","guid":{"rendered":"https:\/\/colimdo.org\/?p=127447"},"modified":"2024-12-22T20:37:39","modified_gmt":"2024-12-22T20:37:39","slug":"taekwondo-recibe-donacion-utiles-deportivos-embajada-de-corea","status":"publish","type":"post","link":"https:\/\/colimdo.org\/noticias\/taekwondo-recibe-donacion-utiles-deportivos-embajada-de-corea\/","title":{"rendered":"Taekwondo recibe donaci\u00f3n \u00fatiles deportivos Embajada de Corea"},"content":{"rendered":"<p>Con el prop\u00f3sito de contribuir a la pr\u00e1ctica y fomento del Taekwondo en el pa\u00eds, la Embajada de Corea en Rep\u00fablica Dominicana entreg\u00f3 un cargamento de \u00fatiles deportivos a la Federaci\u00f3n Dominicana de esa disciplina deportiva.<\/p>\n<p>El acto de entrega fue encabezado por el ingeniero Miguel Camacho, presidente de la Federaci\u00f3n Dominicana de Taekwondo y el se\u00f1or IL Suk Son, Consejero de la Embajada de Corea en el pa\u00eds.<\/p>\n<p>\u201cAdem\u00e1s de contribuir con la pr\u00e1ctica y fomento del Taekwondo en Rep\u00fablica Dominicana, con esta entrega de \u00fatiles de Taekwondo buscamos estrechar a\u00fan m\u00e1s las relaciones entre nuestras naciones \u201c, plante\u00f3 el se\u00f1or Suk Son, quien estuvo acompa\u00f1ado por la se\u00f1ora Victoria Campechano.<\/p>\n<p>De su lado, Miguel Camacho agradeci\u00f3 a la Embajada de Corea el donativo y garantiz\u00f3 el buen uso de los implementos recibidos.<\/p>\n<p>Entre los \u00fatiles donado por la Embajada de Corea al pa\u00eds se encuentran petos, cascos y pisos de Taekwondo.<\/p>\n<p>\u201cHaremos llegar de estos implementos deportivos a nuestras asociaciones, seg\u00fan necesidades y disponibilidades \u201c, agreg\u00f3 Camacho, quien se hizo acompa\u00f1ar de Rosa Amalia Almonte y Arqu\u00edmedes De Jes\u00fas, tesorera y director de Relaciones P\u00fablicas, respectivamente, de la Federaci\u00f3n Dominicana de Taekwondo.<\/p>\n<p>Camacho record\u00f3 que el Taekwondo es un deporte medallista a todos los niveles, que siempre ha sacado la cara por el pa\u00eds en las diferentes competencias internacionales, incluido los Juegos Ol\u00edmpicos, donde el pa\u00eds suma dos medallas, una plata y un bronce.<\/p>\n<p>Se refiere al metal de segundo lugar, obtenido por Gabriel Mercedes en Pek\u00edn 2008 y la medalla de bronce de Luis Pie, en R\u00edo 2016.<\/p>\n<p>\u201cY este respaldo de la Embajada de Corea contribuir\u00e1 a que sigan llegando m\u00e1s medallas al pa\u00eds por la v\u00eda del Taekwondo \u201c, sostuvo.<\/p>\n<p>El acto de entrega fue celebrado en el Pabell\u00f3n de Taekwondo del Centro Ol\u00edmpico Juan Pablo Duarte.<\/p>\n","protected":false},"excerpt":{"rendered":"<p>Con el prop\u00f3sito de contribuir a la pr\u00e1ctica y fomento del Taekwondo en el pa\u00eds, la Embajada de Corea en Rep\u00fablica Dominicana entreg\u00f3 un cargamento de \u00fatiles deportivos a la Federaci\u00f3n Dominicana de esa disciplina deportiva. El acto de entrega fue encabezado por el ingeniero Miguel Camacho, presidente de la Federaci\u00f3n Dominicana de Taekwondo y [&hellip;]<\/p>\n","protected":false},"author":13,"featured_media":127448,"comment_status":"closed","ping_status":"closed","sticky":false,"template":"","format":"standard","meta":[],"categories":[3,2,60],"tags":[80361],"acf":[],"_links":{"self":[{"href":"https:\/\/colimdo.org\/wp-api\/wp\/v2\/posts\/127447"}],"collection":[{"href":"https:\/\/colimdo.org\/wp-api\/wp\/v2\/posts"}],"about":[{"href":"https:\/\/colimdo.org\/wp-api\/wp\/v2\/types\/post"}],"author":[{"embeddable":true,"href":"https:\/\/colimdo.org\/wp-api\/wp\/v2\/users\/13"}],"replies":[{"embeddable":true,"href":"https:\/\/colimdo.org\/wp-api\/wp\/v2\/comments?post=127447"}],"version-history":[{"count":1,"href":"https:\/\/colimdo.org\/wp-api\/wp\/v2\/posts\/127447\/revisions"}],"predecessor-version":[{"id":127449,"href":"https:\/\/colimdo.org\/wp-api\/wp\/v2\/posts\/127447\/revisions\/127449"}],"wp:featuredmedia":[{"embeddable":true,"href":"https:\/\/colimdo.org\/wp-api\/wp\/v2\/media\/127448"}],"wp:attachment":[{"href":"https:\/\/colimdo.org\/wp-api\/wp\/v2\/media?parent=127447"}],"wp:term":[{"taxonomy":"category","embeddable":true,"href":"https:\/\/colimdo.org\/wp-api\/wp\/v2\/categories?post=127447"},{"taxonomy":"post_tag","embeddable":true,"href":"https:\/\/colimdo.org\/wp-api\/wp\/v2\/tags?post=127447"}],"curies":[{"name":"wp","href":"https:\/\/api.w.org\/{rel}","templated":true}]}}