{"id":127544,"date":"2025-01-05T23:06:19","date_gmt":"2025-01-05T23:06:19","guid":{"rendered":"https:\/\/colimdo.org\/?p=127544"},"modified":"2025-01-05T23:06:32","modified_gmt":"2025-01-05T23:06:32","slug":"sanders-no-cede-schareina-es-quinto-y-canet-lidera-su-categoria","status":"publish","type":"post","link":"https:\/\/colimdo.org\/noticias\/sanders-no-cede-schareina-es-quinto-y-canet-lidera-su-categoria\/","title":{"rendered":"Sanders no cede, Schareina es quinto y Canet lidera su categor\u00eda"},"content":{"rendered":"<p>(EFE).- El australiano Daniel Sanders, con KTM, termin\u00f3 como l\u00edder de motos (rally GP) la primera parte de la segunda etapa del Rally Dakar en su 47 edici\u00f3n, al marcar un tiempo de 7:47:00, 40 segundos menos que el estadounidense Ricky Brabec (Honda), defensor del t\u00edtulo, y 3:51 sobre el botsuano Ross Branch (Hero), vigente campe\u00f3n del mundo.<\/p>\n<p>Sanders no cede y de momento monopoliza el dominio en la carrera y en la clasificaci\u00f3n general virtual del Dakar ampl\u00eda su ventaja a 4:02 sobre Brabec y 5:59 a Branch.<\/p>\n<p>Brabez, que defiende el t\u00edtulo, ha prometido atacar este lunes en la parte final de la etapa de 48 horas que exige al l\u00edmite a los pilotos y que puede clarificar la general.<\/p>\n<p>El espa\u00f1ol Toscha Schareina (Honda) lleg\u00f3 al campamento a 5:09 del oce\u00e1nico, que hasta el momento impone su rodillo en el Dakar al ganar el pr\u00f3logo, la primera etapa y parte de la segunda.<\/p>\n<p>El valenciano en la general virtual estar\u00eda a 8:17 y Skyler Howes, a 14: 28&#8242;, completa el Top 5.<\/p>\n<p>Edgar Canet, despu\u00e9s de los problemas de este s\u00e1bado, dio muestra de una gran madurez, pese a que solo tiene 19 a\u00f1os, y acab\u00f3 esta primera parte de la etapa en el s\u00e9ptimo puesto, a 11: 25 de Sanders, pero lo m\u00e1s importante es que es l\u00edder virtual de la categor\u00eda rally 2 con 12 minutos de ventaja sobre el austriaco Tob\u00edas Ebster.<\/p>\n<p>Fue el fin de una jornada en la que los pilotos no tendr\u00e1n asistencia mec\u00e1nica de sus equipos y dormir\u00e1n en un campamento con apenas servicios, aunque con el deseo de afrontar la segunda parte de la etapa que tendr\u00e1 su final en Bisha (Arabia Saud\u00ed).<\/p>\n","protected":false},"excerpt":{"rendered":"<p>(EFE).- El australiano Daniel Sanders, con KTM, termin\u00f3 como l\u00edder de motos (rally GP) la primera parte de la segunda etapa del Rally Dakar en su 47 edici\u00f3n, al marcar un tiempo de 7:47:00, 40 segundos menos que el estadounidense Ricky Brabec (Honda), defensor del t\u00edtulo, y 3:51 sobre el botsuano Ross Branch (Hero), vigente [&hellip;]<\/p>\n","protected":false},"author":13,"featured_media":127545,"comment_status":"closed","ping_status":"closed","sticky":false,"template":"","format":"standard","meta":[],"categories":[5,2,60],"tags":[100685],"acf":[],"_links":{"self":[{"href":"https:\/\/colimdo.org\/wp-api\/wp\/v2\/posts\/127544"}],"collection":[{"href":"https:\/\/colimdo.org\/wp-api\/wp\/v2\/posts"}],"about":[{"href":"https:\/\/colimdo.org\/wp-api\/wp\/v2\/types\/post"}],"author":[{"embeddable":true,"href":"https:\/\/colimdo.org\/wp-api\/wp\/v2\/users\/13"}],"replies":[{"embeddable":true,"href":"https:\/\/colimdo.org\/wp-api\/wp\/v2\/comments?post=127544"}],"version-history":[{"count":1,"href":"https:\/\/colimdo.org\/wp-api\/wp\/v2\/posts\/127544\/revisions"}],"predecessor-version":[{"id":127546,"href":"https:\/\/colimdo.org\/wp-api\/wp\/v2\/posts\/127544\/revisions\/127546"}],"wp:featuredmedia":[{"embeddable":true,"href":"https:\/\/colimdo.org\/wp-api\/wp\/v2\/media\/127545"}],"wp:attachment":[{"href":"https:\/\/colimdo.org\/wp-api\/wp\/v2\/media?parent=127544"}],"wp:term":[{"taxonomy":"category","embeddable":true,"href":"https:\/\/colimdo.org\/wp-api\/wp\/v2\/categories?post=127544"},{"taxonomy":"post_tag","embeddable":true,"href":"https:\/\/colimdo.org\/wp-api\/wp\/v2\/tags?post=127544"}],"curies":[{"name":"wp","href":"https:\/\/api.w.org\/{rel}","templated":true}]}}