{"id":127613,"date":"2025-01-09T18:41:29","date_gmt":"2025-01-09T18:41:29","guid":{"rendered":"https:\/\/colimdo.org\/?p=127613"},"modified":"2025-01-09T18:41:39","modified_gmt":"2025-01-09T18:41:39","slug":"comite-organizador-hara-taller-de-tecnicos-en-eventos-deportivos","status":"publish","type":"post","link":"https:\/\/colimdo.org\/noticias\/comite-organizador-hara-taller-de-tecnicos-en-eventos-deportivos\/","title":{"rendered":"Comit\u00e9 Organizador har\u00e1 taller\u00a0de t\u00e9cnicos en eventos deportivos"},"content":{"rendered":"<p>SANTO DOMINGO.- El Comit\u00e9 Organizador de los XXV Juegos Centroamericanos y del Caribe Santo Domingo 2026 ofrecer\u00e1 un taller de desarrollo deportivo en el que se capacitar\u00e1 personal para organizaci\u00f3n de eventos deportivos.<\/p>\n<p>El taller ser\u00e1 impartido por el doctor Ren\u00e9 Romero y el licenciado Tony Mesa, de la comisi\u00f3n t\u00e9cnica de Panam Sports y Centro Caribe Sports (CCS).<\/p>\n<p>La actividad se efectuar\u00e1 los d\u00edas 22 y 23 de enero en\u00a0 dos salones de las reci\u00e9n remozadas instalaciones del estadio ol\u00edmpico F\u00e9lix S\u00e1nchez, que se habilitar\u00e1n para los procesos de formaci\u00f3n de personal t\u00e9cnico deportivo.<\/p>\n<p>El Comit\u00e9 Organizador ha concedido becas a las federaciones deportivas para contribuir a la capacitaci\u00f3n de personas j\u00f3venes que sirva para regentear instalaciones o eventos deportivos.<\/p>\n<p>El taller est\u00e1 dirigido en ofrecer una formaci\u00f3n inicial para \u201cSport manager\u201d y \u201cEvent Manager\u201d, lo que facilitar\u00e1 que el pa\u00eds cuente con suficientes t\u00e9cnicos que asistan en la organizaci\u00f3n de eventos de las diferentes disciplinas deportivas .<\/p>\n<p>\u201cLa intenci\u00f3n del Comit\u00e9 Organizador y Centro Caribe Sports es dejar un legado en los j\u00f3venes t\u00e9cnicos para que puedan montar eventos multidisciplinarios en este pa\u00eds. La Rep\u00fablica Dominicana debe quedar preparada para que en pr\u00f3ximas ocasiones pueda ser elegida como sede de un evento de esta magnitud\u201d, sostuvo Mesa, quien tambi\u00e9n es el gerente t\u00e9cnico de Santo Domingo 2026.<\/p>\n<p>En octubre del pasado a\u00f1o, los encargados de organizar los juegos dieron apertura a este programa de talleres para elevar el nivel t\u00e9cnico local.<\/p>\n<p>En las instalaciones del Comit\u00e9 Ol\u00edmpico Dominicano se ofreci\u00f3 el seminario de gerencia deportiva, impartido por los gestores\u00a0 Renato Ricci, Juan Domingo Barzola y Oscar Tejada, del Instituto Johan Cruyff.<\/p>\n<p>Los pr\u00f3ximos Juegos Centroamericanos y del Caribe est\u00e1n previstos para el 2026, desde el 24 de julio hasta el 8 de agosto. Se esperan alrededor de seis mil atletas, diseminados en 40 deportes y 56 disciplinas.<\/p>\n","protected":false},"excerpt":{"rendered":"<p>SANTO DOMINGO.- El Comit\u00e9 Organizador de los XXV Juegos Centroamericanos y del Caribe Santo Domingo 2026 ofrecer\u00e1 un taller de desarrollo deportivo en el que se capacitar\u00e1 personal para organizaci\u00f3n de eventos deportivos. El taller ser\u00e1 impartido por el doctor Ren\u00e9 Romero y el licenciado Tony Mesa, de la comisi\u00f3n t\u00e9cnica de Panam Sports y [&hellip;]<\/p>\n","protected":false},"author":13,"featured_media":127614,"comment_status":"closed","ping_status":"closed","sticky":false,"template":"","format":"standard","meta":[],"categories":[83143,2,60],"tags":[90736],"acf":[],"_links":{"self":[{"href":"https:\/\/colimdo.org\/wp-api\/wp\/v2\/posts\/127613"}],"collection":[{"href":"https:\/\/colimdo.org\/wp-api\/wp\/v2\/posts"}],"about":[{"href":"https:\/\/colimdo.org\/wp-api\/wp\/v2\/types\/post"}],"author":[{"embeddable":true,"href":"https:\/\/colimdo.org\/wp-api\/wp\/v2\/users\/13"}],"replies":[{"embeddable":true,"href":"https:\/\/colimdo.org\/wp-api\/wp\/v2\/comments?post=127613"}],"version-history":[{"count":1,"href":"https:\/\/colimdo.org\/wp-api\/wp\/v2\/posts\/127613\/revisions"}],"predecessor-version":[{"id":127615,"href":"https:\/\/colimdo.org\/wp-api\/wp\/v2\/posts\/127613\/revisions\/127615"}],"wp:featuredmedia":[{"embeddable":true,"href":"https:\/\/colimdo.org\/wp-api\/wp\/v2\/media\/127614"}],"wp:attachment":[{"href":"https:\/\/colimdo.org\/wp-api\/wp\/v2\/media?parent=127613"}],"wp:term":[{"taxonomy":"category","embeddable":true,"href":"https:\/\/colimdo.org\/wp-api\/wp\/v2\/categories?post=127613"},{"taxonomy":"post_tag","embeddable":true,"href":"https:\/\/colimdo.org\/wp-api\/wp\/v2\/tags?post=127613"}],"curies":[{"name":"wp","href":"https:\/\/api.w.org\/{rel}","templated":true}]}}