{"id":127704,"date":"2025-01-15T20:22:54","date_gmt":"2025-01-15T20:22:54","guid":{"rendered":"https:\/\/colimdo.org\/?p=127704"},"modified":"2025-01-15T20:22:54","modified_gmt":"2025-01-15T20:22:54","slug":"play-offs-del-grupo-mundial-ii-de-la-copa-davis-2025-sera-en-rd","status":"publish","type":"post","link":"https:\/\/colimdo.org\/noticias\/play-offs-del-grupo-mundial-ii-de-la-copa-davis-2025-sera-en-rd\/","title":{"rendered":"Play-offs del Grupo Mundial II de la Copa Davis 2025 ser\u00e1 en RD"},"content":{"rendered":"<p>SANTO DOMINGO.- La Rep\u00fablica Dominicana ser\u00e1 sede del play-offs del Grupo Mundial II de la Copa Davis 2025, entre el 1 y 2 de febrero, ante su similar de Bolivia, en el Centro Nacional de Tenis del Parque del Este.<\/p>\n<p>La informaci\u00f3n la dio a conocer el vicepresidente de la Federaci\u00f3n Dominicana de Tenis (Fedotenis), Sergio Tobal, quien revel\u00f3 que las entradas no tendr\u00e1n costo alguno para los fan\u00e1ticos.<\/p>\n<p>Asimismo, expres\u00f3 que los partidos ser\u00e1n transmitidos por la plataforma de El Nuevo Diario TV, desde las 11 de la ma\u00f1ana.<\/p>\n<p>Indic\u00f3 Tobal que los pa\u00edses ganadores pasar\u00e1n a jugar una eliminatoria (repechaje) del Grupo Mundial II en septiembre del 2025.<\/p>\n<p>Los pa\u00edses perdedores competir\u00e1n en sus respectivos eventos regionales del Grupo III en junio del 2025.<\/p>\n<p>\u201cEsperamos tener buen p\u00fablico en el Centro Nacional de Tenis, por eso elegimos la fecha de s\u00e1bado y domingo (1 y 2 de febrero\u201d, se\u00f1al\u00f3 Tobal, quien comunic\u00f3 que en los pr\u00f3ximos d\u00edas se dar\u00e1n a conocer la lista de los jugadores a participar en el evento de febrero, que tendr\u00e1 como capit\u00e1n a Johnny Berrido.<\/p>\n<p>Se recuerda que Dominicana avanz\u00f3 a los Play-offs del Grupo Mundial II, tras jugar en Asunci\u00f3n, Paraguay, en junio del pasado a\u00f1o. All\u00ed consigui\u00f3 el ascenso tras vencer a\u00a0Bermudas su serie 3-0, luego a Guatemala, por 2-1. A Puerto Rico por 3-0, a Jamaica por 2-1, para de esa manera conseguir el pase a los Play-offs del Grupo Mundial II 2025.<\/p>\n","protected":false},"excerpt":{"rendered":"<p>SANTO DOMINGO.- La Rep\u00fablica Dominicana ser\u00e1 sede del play-offs del Grupo Mundial II de la Copa Davis 2025, entre el 1 y 2 de febrero, ante su similar de Bolivia, en el Centro Nacional de Tenis del Parque del Este. La informaci\u00f3n la dio a conocer el vicepresidente de la Federaci\u00f3n Dominicana de Tenis (Fedotenis), [&hellip;]<\/p>\n","protected":false},"author":13,"featured_media":127705,"comment_status":"closed","ping_status":"closed","sticky":false,"template":"","format":"standard","meta":[],"categories":[3,2,60],"tags":[24321],"acf":[],"_links":{"self":[{"href":"https:\/\/colimdo.org\/wp-api\/wp\/v2\/posts\/127704"}],"collection":[{"href":"https:\/\/colimdo.org\/wp-api\/wp\/v2\/posts"}],"about":[{"href":"https:\/\/colimdo.org\/wp-api\/wp\/v2\/types\/post"}],"author":[{"embeddable":true,"href":"https:\/\/colimdo.org\/wp-api\/wp\/v2\/users\/13"}],"replies":[{"embeddable":true,"href":"https:\/\/colimdo.org\/wp-api\/wp\/v2\/comments?post=127704"}],"version-history":[{"count":1,"href":"https:\/\/colimdo.org\/wp-api\/wp\/v2\/posts\/127704\/revisions"}],"predecessor-version":[{"id":127706,"href":"https:\/\/colimdo.org\/wp-api\/wp\/v2\/posts\/127704\/revisions\/127706"}],"wp:featuredmedia":[{"embeddable":true,"href":"https:\/\/colimdo.org\/wp-api\/wp\/v2\/media\/127705"}],"wp:attachment":[{"href":"https:\/\/colimdo.org\/wp-api\/wp\/v2\/media?parent=127704"}],"wp:term":[{"taxonomy":"category","embeddable":true,"href":"https:\/\/colimdo.org\/wp-api\/wp\/v2\/categories?post=127704"},{"taxonomy":"post_tag","embeddable":true,"href":"https:\/\/colimdo.org\/wp-api\/wp\/v2\/tags?post=127704"}],"curies":[{"name":"wp","href":"https:\/\/api.w.org\/{rel}","templated":true}]}}