{"id":127780,"date":"2025-01-22T00:09:40","date_gmt":"2025-01-22T00:09:40","guid":{"rendered":"https:\/\/colimdo.org\/?p=127780"},"modified":"2025-01-22T00:09:40","modified_gmt":"2025-01-22T00:09:40","slug":"milton-ray-guevara-anuncia-cierre-pabellon-y-palacio-voleibol","status":"publish","type":"post","link":"https:\/\/colimdo.org\/noticias\/milton-ray-guevara-anuncia-cierre-pabellon-y-palacio-voleibol\/","title":{"rendered":"Milton Ray Guevara anuncia cierre Pabell\u00f3n y Palacio Voleibol"},"content":{"rendered":"<p><strong>SANTO DOMINGO<\/strong>. El doctor Milton Ray Guevara presidente del Comit\u00e9 de Administraci\u00f3n y Cuidado del Pabell\u00f3n de Voleibol del Centro Ol\u00edmpico Juan Pablo Duarte, anunci\u00f3 este martes que el Palacio de Voleibol \u201cRicardo- Gioriber- Arias, as\u00ed como el antiguo Pabell\u00f3n de Voleibol, cerrar\u00e1n sus puertas el pr\u00f3ximo tres de marzo para dar paso a las remodelaciones que realizar\u00e1 el Ministerio de la Vivienda.<\/p>\n<p>Dijo el doctor Ray Guevara que se mantiene en contacto con el Ministerio de la Vivienda, que viene trabajando con las remodelaciones de las instalaciones deportivas, tanto del Parque del Este como del Centro Ol\u00edmpico Juan Pablo Duarte que ser\u00e1n sede de los XXV Juegos Centroamericanos y del Caribe que se montar\u00e1\u00a0el a\u00f1o que viene en Santo Domingo.<\/p>\n<p>\u201cHay algunas actividades que est\u00e1n pendientes por realizar, pero a partir del d\u00eda 3 de marzo venidero,\u00a0 no podr\u00e1n realizarse ning\u00fan tipo de actividad por motivo de las remodelaciones\u201d, a\u00f1adi\u00f3.<\/p>\n<p>Explic\u00f3 que a finales del pr\u00f3ximo mes de febrero se celebrar\u00e1n dos partidos de la Selecci\u00f3n Nacional de Baloncesto dentro de los partidos de AmeriCup 2025, que ser\u00e1n las \u00faltimas dos actividades que se har\u00e1n en la Casa de Gioriober Arias.<\/p>\n<p>\u201cApelemos a las instituciones de la sociedad dominicana (partidos pol\u00edticos, art\u00edsticas, universitarias, entre otras, que utilizan ambas instalaciones deportivas a que comprendan que haremos una pausa obligada para poder tener en \u00f3ptimas condiciones ambas obras para los Juegos de Santo Domingo 2026\u201d, adujo el doctor Guevara.<\/p>\n<p>Indic\u00f3 que el gobierno del presidente Luis Abinader est\u00e1 apoyando sin reservas el montaje de los Juegos Centroamericanos y del Caribe 2026 que recibir\u00e1n a m\u00e1s de cinco mil deportistas y donde se celebrar\u00e1 en el pa\u00eds el aniversario n\u00famero 100 de los Juegos Centroamericanos.<\/p>\n<p>&nbsp;<\/p>\n<p>&nbsp;<\/p>\n<p>&nbsp;<\/p>\n","protected":false},"excerpt":{"rendered":"<p>SANTO DOMINGO. El doctor Milton Ray Guevara presidente del Comit\u00e9 de Administraci\u00f3n y Cuidado del Pabell\u00f3n de Voleibol del Centro Ol\u00edmpico Juan Pablo Duarte, anunci\u00f3 este martes que el Palacio de Voleibol \u201cRicardo- Gioriber- Arias, as\u00ed como el antiguo Pabell\u00f3n de Voleibol, cerrar\u00e1n sus puertas el pr\u00f3ximo tres de marzo para dar paso a las [&hellip;]<\/p>\n","protected":false},"author":13,"featured_media":127781,"comment_status":"closed","ping_status":"closed","sticky":false,"template":"","format":"standard","meta":[],"categories":[83143,2,60],"tags":[100694],"acf":[],"_links":{"self":[{"href":"https:\/\/colimdo.org\/wp-api\/wp\/v2\/posts\/127780"}],"collection":[{"href":"https:\/\/colimdo.org\/wp-api\/wp\/v2\/posts"}],"about":[{"href":"https:\/\/colimdo.org\/wp-api\/wp\/v2\/types\/post"}],"author":[{"embeddable":true,"href":"https:\/\/colimdo.org\/wp-api\/wp\/v2\/users\/13"}],"replies":[{"embeddable":true,"href":"https:\/\/colimdo.org\/wp-api\/wp\/v2\/comments?post=127780"}],"version-history":[{"count":1,"href":"https:\/\/colimdo.org\/wp-api\/wp\/v2\/posts\/127780\/revisions"}],"predecessor-version":[{"id":127782,"href":"https:\/\/colimdo.org\/wp-api\/wp\/v2\/posts\/127780\/revisions\/127782"}],"wp:featuredmedia":[{"embeddable":true,"href":"https:\/\/colimdo.org\/wp-api\/wp\/v2\/media\/127781"}],"wp:attachment":[{"href":"https:\/\/colimdo.org\/wp-api\/wp\/v2\/media?parent=127780"}],"wp:term":[{"taxonomy":"category","embeddable":true,"href":"https:\/\/colimdo.org\/wp-api\/wp\/v2\/categories?post=127780"},{"taxonomy":"post_tag","embeddable":true,"href":"https:\/\/colimdo.org\/wp-api\/wp\/v2\/tags?post=127780"}],"curies":[{"name":"wp","href":"https:\/\/api.w.org\/{rel}","templated":true}]}}