{"id":127881,"date":"2025-01-28T15:48:06","date_gmt":"2025-01-28T15:48:06","guid":{"rendered":"https:\/\/colimdo.org\/?p=127881"},"modified":"2025-01-28T15:48:06","modified_gmt":"2025-01-28T15:48:06","slug":"pujols-me-siento-orgulloso-de-cada-uno-de-mis-peloteros","status":"publish","type":"post","link":"https:\/\/colimdo.org\/noticias\/pujols-me-siento-orgulloso-de-cada-uno-de-mis-peloteros\/","title":{"rendered":"Pujols: \u201cMe siento orgulloso de cada uno de mis peloteros\u201d"},"content":{"rendered":"<p>SANTO DOMINGO.-\u00a0El sue\u00f1o de un ni\u00f1o de nueve a\u00f1os de jugar con su equipo favorito Leones del Escogido fue m\u00e1s all\u00e1, ya que d\u00e9cadas despu\u00e9s Albert Pujols no solo jug\u00f3 con el conjunto de su infancia sino que, como dirigente, cort\u00f3 la sequ\u00eda de ocho temporadas sin campeonatos para los melenudos obteniendo el n\u00famero 17.<\/p>\n<p>\u201cSi digo que de ni\u00f1o yo esperaba dirigir a mi equipo al campeonato te hablo mentira. Dios tiene un plan para cada uno de nosotros. Lo pudimos lograr con dedicaci\u00f3n, trabajo y con un tremendo grupo. Gracias a la directiva, a nuestro gerente y a operaciones por poner un equipo en el terreno que lo dio todo\u201d, dijo Pujols al reiterar el orgullo que siente por sus jugadores.<\/p>\n<p>El veterano de 22 temporadas de Grandes Ligas admiti\u00f3 que pens\u00f3 que el juego estaba perdido cuando vio el batazo de Francisco Mej\u00eda hacia el jard\u00edn derecho, pero se sorprendi\u00f3 gratamente con la \u201ctremenda jugada\u201d de S\u00f3crates Brito desliz\u00e1ndose para hacer el \u00faltimo out.<\/p>\n<p>\u201cEsto todav\u00eda no lo he asimilado. En un par de d\u00edas es que voy a mirar hacia atr\u00e1s y voy a asimilar esto\u201d, dijo Pujols en conferencia de prensa.<\/p>\n<p>Asimismo, el capataz destac\u00f3 la importancia de Erik Gonz\u00e1lez al declararlo como coraz\u00f3n del equipo.<\/p>\n<p>\u201cNo hay palabras para describir lo que Erik significa para este equipo. Nunca puso excusas a pesar de las lesiones, y tampoco quer\u00eda salir de la alineaci\u00f3n\u201d, dijo.<\/p>\n<p>El directivo y expresidente del Escogido Jos\u00e9 Miguel Bonetti ponder\u00f3 la labor de Pujols liderando a los rojos porque \u201ca veces no se le da el cr\u00e9dito que se le debe dar al m\u00e1nager\u201d.<\/p>\n<p>\u201cPor el tiempo que lo tengamos aqu\u00ed apreci\u00e9moslo\u201d, dijo Bonetti sobre su dirigente.<\/p>\n<p>Cont\u00f3 que cuando el futuro miembro del Sal\u00f3n de la Fama y \u00e9l hablaron en febrero le explic\u00f3 lo que cre\u00eda necesitaba el Escogido para ganar el campeonato y se entendieron a la perfecci\u00f3n.<\/p>\n<p>\u201cYo quiero que cuando escriban del \u00e9xito del Escogido le den el cr\u00e9dito a los peloteros, pero no dejen de darle cr\u00e9dito a este se\u00f1or\u201d, en alusi\u00f3n a Pujols.<\/p>\n","protected":false},"excerpt":{"rendered":"<p>SANTO DOMINGO.-\u00a0El sue\u00f1o de un ni\u00f1o de nueve a\u00f1os de jugar con su equipo favorito Leones del Escogido fue m\u00e1s all\u00e1, ya que d\u00e9cadas despu\u00e9s Albert Pujols no solo jug\u00f3 con el conjunto de su infancia sino que, como dirigente, cort\u00f3 la sequ\u00eda de ocho temporadas sin campeonatos para los melenudos obteniendo el n\u00famero 17. [&hellip;]<\/p>\n","protected":false},"author":13,"featured_media":127882,"comment_status":"closed","ping_status":"closed","sticky":false,"template":"","format":"standard","meta":[],"categories":[83143,2,60],"tags":[24390],"acf":[],"_links":{"self":[{"href":"https:\/\/colimdo.org\/wp-api\/wp\/v2\/posts\/127881"}],"collection":[{"href":"https:\/\/colimdo.org\/wp-api\/wp\/v2\/posts"}],"about":[{"href":"https:\/\/colimdo.org\/wp-api\/wp\/v2\/types\/post"}],"author":[{"embeddable":true,"href":"https:\/\/colimdo.org\/wp-api\/wp\/v2\/users\/13"}],"replies":[{"embeddable":true,"href":"https:\/\/colimdo.org\/wp-api\/wp\/v2\/comments?post=127881"}],"version-history":[{"count":1,"href":"https:\/\/colimdo.org\/wp-api\/wp\/v2\/posts\/127881\/revisions"}],"predecessor-version":[{"id":127883,"href":"https:\/\/colimdo.org\/wp-api\/wp\/v2\/posts\/127881\/revisions\/127883"}],"wp:featuredmedia":[{"embeddable":true,"href":"https:\/\/colimdo.org\/wp-api\/wp\/v2\/media\/127882"}],"wp:attachment":[{"href":"https:\/\/colimdo.org\/wp-api\/wp\/v2\/media?parent=127881"}],"wp:term":[{"taxonomy":"category","embeddable":true,"href":"https:\/\/colimdo.org\/wp-api\/wp\/v2\/categories?post=127881"},{"taxonomy":"post_tag","embeddable":true,"href":"https:\/\/colimdo.org\/wp-api\/wp\/v2\/tags?post=127881"}],"curies":[{"name":"wp","href":"https:\/\/api.w.org\/{rel}","templated":true}]}}