{"id":127906,"date":"2025-01-30T03:06:59","date_gmt":"2025-01-30T03:06:59","guid":{"rendered":"https:\/\/colimdo.org\/?p=127906"},"modified":"2025-01-30T03:06:59","modified_gmt":"2025-01-30T03:06:59","slug":"sedofutbol-sub-17-masculina-convoca-para-clasificatorio-concacaf","status":"publish","type":"post","link":"https:\/\/colimdo.org\/noticias\/sedofutbol-sub-17-masculina-convoca-para-clasificatorio-concacaf\/","title":{"rendered":"Sedof\u00fatbol sub-17 masculina convoca para Clasificatorio Concacaf"},"content":{"rendered":"<p>SANTO DOMINGO.- La Selecci\u00f3n Dominicana de F\u00fatbol Sub-17 Masculina anunci\u00f3 el listado de jugadores definitivos con el que proseguir\u00e1n su preparaci\u00f3n de cara a la Clasificatoria de Concacaf 2025 que se disputar\u00e1 en Panam\u00e1. Bajo la direcci\u00f3n del entrenador Edward Acevedo, el equipo busca asegurar su pase al pr\u00f3ximo Mundial FIFA de la categor\u00eda.<\/p>\n<p>El grupo se encuentra concentrado desde el pasado 20 de enero y continuar\u00e1 su puesta a tono hasta el 8 de febrero en territorio nacional, cuando viaje a suelo paname\u00f1o.<\/p>\n<p>Acevedo ha convocado a 21 futbolistas de los cuales 11 hacen vida en el f\u00fatbol nacional y 10 provienen de clubes internacionales, generando una mezcla bien interesante.<\/p>\n<p>La lista est\u00e1 compuesta por los arqueros: Wilkins Geraldo B (Rayo Majadahonda &#8211; Espa\u00f1a), Elian Beras Guzm\u00e1n (Cibao FC &#8211; RD) y Alan Cury (Marcet Football &#8211; Espa\u00f1a).<\/p>\n<p>El grupo de defensores lo integran: Gabriel G\u00f3mez Esca\u00f1o (Cibao FC -RD), Mehmet Reyes (SV Waldhof Mannheim &#8211; Alemania), Jos\u00e9 Carlos Abreu (Escuela Bauger &#8211; RD),\u00a0\u00a0\u00a0\u00a0\u00a0\u00a0\u00a0\u00a0\u00a0\u00a0\u00a0\u00a0\u00a0 Alejandro L\u00f3pez (Atl\u00e9tico de Madrid &#8211; Espa\u00f1a), Yulian Alba (Salcedo FC &#8211; RD), Alan Sierra (CE Sant Gabriel &#8211; Espa\u00f1a), Daniel Fern\u00e1ndez (Cibao FC &#8211; RD) y Kilian Mi\u00f1agorri (Real Betis &#8211; Espa\u00f1a).<\/p>\n<p>Mediocampistas: Pedro V\u00e1squez (Barca Academy &#8211; RD), Adri\u00e1n Garc\u00eda J\u00e1quez (CD Legan\u00e9s &#8211; Espa\u00f1a), Delvi Marte (Real Deportivo &#8211; RD), Enmanuel de Jes\u00fas Ramos (Real Deportivo &#8211; RD) y Patterson Medina (Barca Academy &#8211; RD).<\/p>\n<p>Finalmente, las opciones en la delantera son: Ismael Saidani S\u00e1nchez (Athletic Club de Bilbao &#8211; Espa\u00f1a), Alex Urresti (Athletic Club de Bilbao &#8211; Espa\u00f1a), \u00a0\u00a0\u00a0\u00a0\u00a0\u00a0\u00a0\u00a0\u00a0\u00a0\u00a0\u00a0\u00a0\u00a0 Luis L\u00f3pez (Cibao FC &#8211; RD), Hugo Gonz\u00e1lez (Pennington Soccer &#8211; USA) y Luis Pereyra (Atl\u00e9tico San Crist\u00f3bal &#8211; RD).<\/p>\n<p>Calendario de partidos de RD en la Clasificatoria Sub-17 Concacaf 2025<\/p>\n<p>La Sedof\u00fatbol ha sido ubicada en el grupo G, donde enfrentar\u00e1 a Aruba, Granada y Panam\u00e1 en el Estadio Rommel Fern\u00e1ndez. El lunes 10 de febrero debutar\u00e1 ante Aruba en horario de 5:00 de la tarde.<\/p>\n<p>Su segunda presentaci\u00f3n ser\u00e1 el mi\u00e9rcoles 12 de febrero vs Granada a las 5:00 PM y cerrar\u00e1 el s\u00e1bado 15 de febrero contra Panam\u00e1 a partir de las 8:00 PM. Todos los horarios corresponden a Rep\u00fablica Dominicana.<\/p>\n<p>El t\u00e9cnico quisqueyano Edward Acevedo destac\u00f3 la calidad del grupo y la importancia de estos encuentros: &#8220;Hemos trabajado intensamente para llegar en la mejor forma posible. Esta convocatoria incluye j\u00f3venes con gran potencial que buscar\u00e1n hacer historia con la selecci\u00f3n. Nos enfocamos en fortalecer el juego colectivo y ser efectivos en el ataque&#8221;.<\/p>\n<p>La selecci\u00f3n sub-17 no solo representa el presente del f\u00fatbol dominicano, sino tambi\u00e9n su futuro. Con gran ilusi\u00f3n y compromiso, estos j\u00f3venes futbolistas luchar\u00e1n por alcanzar el sue\u00f1o mundialista y seguir elevando el nivel del f\u00fatbol nacional.<\/p>\n","protected":false},"excerpt":{"rendered":"<p>SANTO DOMINGO.- La Selecci\u00f3n Dominicana de F\u00fatbol Sub-17 Masculina anunci\u00f3 el listado de jugadores definitivos con el que proseguir\u00e1n su preparaci\u00f3n de cara a la Clasificatoria de Concacaf 2025 que se disputar\u00e1 en Panam\u00e1. Bajo la direcci\u00f3n del entrenador Edward Acevedo, el equipo busca asegurar su pase al pr\u00f3ximo Mundial FIFA de la categor\u00eda. El [&hellip;]<\/p>\n","protected":false},"author":13,"featured_media":127907,"comment_status":"closed","ping_status":"closed","sticky":false,"template":"","format":"standard","meta":[],"categories":[3,2,60],"tags":[79775],"acf":[],"_links":{"self":[{"href":"https:\/\/colimdo.org\/wp-api\/wp\/v2\/posts\/127906"}],"collection":[{"href":"https:\/\/colimdo.org\/wp-api\/wp\/v2\/posts"}],"about":[{"href":"https:\/\/colimdo.org\/wp-api\/wp\/v2\/types\/post"}],"author":[{"embeddable":true,"href":"https:\/\/colimdo.org\/wp-api\/wp\/v2\/users\/13"}],"replies":[{"embeddable":true,"href":"https:\/\/colimdo.org\/wp-api\/wp\/v2\/comments?post=127906"}],"version-history":[{"count":1,"href":"https:\/\/colimdo.org\/wp-api\/wp\/v2\/posts\/127906\/revisions"}],"predecessor-version":[{"id":127908,"href":"https:\/\/colimdo.org\/wp-api\/wp\/v2\/posts\/127906\/revisions\/127908"}],"wp:featuredmedia":[{"embeddable":true,"href":"https:\/\/colimdo.org\/wp-api\/wp\/v2\/media\/127907"}],"wp:attachment":[{"href":"https:\/\/colimdo.org\/wp-api\/wp\/v2\/media?parent=127906"}],"wp:term":[{"taxonomy":"category","embeddable":true,"href":"https:\/\/colimdo.org\/wp-api\/wp\/v2\/categories?post=127906"},{"taxonomy":"post_tag","embeddable":true,"href":"https:\/\/colimdo.org\/wp-api\/wp\/v2\/tags?post=127906"}],"curies":[{"name":"wp","href":"https:\/\/api.w.org\/{rel}","templated":true}]}}