{"id":127909,"date":"2025-01-30T03:10:39","date_gmt":"2025-01-30T03:10:39","guid":{"rendered":"https:\/\/colimdo.org\/?p=127909"},"modified":"2025-01-30T03:11:01","modified_gmt":"2025-01-30T03:11:01","slug":"presentan-los-equipos-de-rd-y-bolivia-para-copa-davis","status":"publish","type":"post","link":"https:\/\/colimdo.org\/noticias\/presentan-los-equipos-de-rd-y-bolivia-para-copa-davis\/","title":{"rendered":"Presentan los equipos de RD y Bolivia para Copa Davis"},"content":{"rendered":"<p>SANTO DOMINGO.- El Centro Nacional de Tenis del Parque del Este ser\u00e1 el escenario en el que los equipos de Rep\u00fablica Dominicana y Bolivia medir\u00e1n fuerzas en una emocionante serie de Copa Davis los d\u00edas 1 y 2 de febrero del presente a\u00f1o. La entrada para el p\u00fablico ser\u00e1 completamente gratuita, lo que promete una gran asistencia de aficionados al tenis local.<\/p>\n<p>Sergio Tobal, vicepresidente de la Federaci\u00f3n Dominicana de Tenis (Fedotenis), ofreci\u00f3 detalles durante una rueda de prensa realizada este mi\u00e9rcoles, destacando la organizaci\u00f3n impecable y la gran expectativa por los encuentros.<\/p>\n<p>Peter Bertr\u00e1n, uno de los integrantes del equipo dominicano, resalt\u00f3 los sacrificios que varios jugadores han tenido que hacer para estar presentes: \u201cAlgunos compa\u00f1eros tuvieron que pedir permiso en la universidad, mientras que otros como Enmanuel Mu\u00f1oz siguen en el hotel tras jornadas intensas de trabajo. Venimos s\u00f3lidos, jugando tanto a nivel colegial como profesional, con muy buen ritmo\u201d.<\/p>\n<p>El capit\u00e1n del equipo dominicano, Jhonny Berrido, mostr\u00f3 gran confianza en sus jugadores: \u201cEste encuentro ser\u00e1 muy parejo. Respetamos mucho al equipo de Bolivia, que tiene un historial competitivo similar al nuestro. Hemos enfrentado a Bolivia varias veces, pero jugar en casa nos da una ventaja importante. Estoy seguro de que desde el primer punto ser\u00e1 una lucha intensa\u201d.<\/p>\n<p>Por su parte, los jugadores dominicanos destacaron la motivaci\u00f3n especial de representar al pa\u00eds y jugar en casa. \u201cJugar aqu\u00ed siempre tiene un toque especial. Nos motiva saber que tenemos el apoyo de nuestra gente,\u201d coment\u00f3 el jugador Roberto Cid, subrayando que este tipo de eventos son fundamentales para el desarrollo del tenis en el pa\u00eds.<\/p>\n<p><strong>La perspectiva de Bolivia:<\/strong><\/p>\n<p>El equipo boliviano, liderado por el experimentado Federico Zeballos y Mauricio Sol\u00eds, tambi\u00e9n mostraron entusiasmo y confianza. \u201cLlegamos desde el domingo y hemos entrenado todos los d\u00edas para adaptarnos al clima. Con Fede ya hemos venido varias veces aqu\u00ed, y cada d\u00eda nos sentimos mejor preparados,\u201d indic\u00f3 Mauricio.<\/p>\n<p>Zeballos, con una amplia trayectoria en competencias internacionales, reconoci\u00f3 el desaf\u00edo que representa la Copa Davis: \u201cNo es una competencia a la que estamos acostumbrados durante el a\u00f1o; siempre tiene un gustito especial representar a tu pa\u00eds. Viene con presiones, pero tambi\u00e9n con motivaciones \u00fanicas\u201d.<\/p>\n<p>Sol\u00eds agreg\u00f3 que la experiencia de haber jugado m\u00faltiples veces como visitante les da cierta preparaci\u00f3n para enfrentar a estadios llenos y p\u00fablicos locales: \u201cSiempre es positivo afrontar un reto como este con el p\u00fablico en contra; estamos listos para el fin de semana\u201d.<\/p>\n<p><strong>La competencia:<\/strong><\/p>\n<p>El sorteo para definir los enfrentamientos individuales y dobles se realizar\u00e1 el viernes 31 de enero a las 11:00 de la ma\u00f1ana. Los partidos comenzar\u00e1n el s\u00e1bado a las 10:00 de la ma\u00f1ana.<\/p>\n<p>Tobal hizo un llamado a todos los amantes del tenis: \u201cExhortamos a la afici\u00f3n a que venga y disfrute de un nivel de tenis muy alto. La entrada es totalmente gratis y es una oportunidad \u00fanica de ver a grandes talentos tanto dominicanos como bolivianos\u201d.<\/p>\n<p>Con ambos equipos preparados y motivados, la serie promete emociones intensas y un espect\u00e1culo deportivo de alto nivel.<\/p>\n<p>Los partidos ser\u00e1n transmitidos por la plataforma de El Nuevo Diario TV.<\/p>\n","protected":false},"excerpt":{"rendered":"<p>SANTO DOMINGO.- El Centro Nacional de Tenis del Parque del Este ser\u00e1 el escenario en el que los equipos de Rep\u00fablica Dominicana y Bolivia medir\u00e1n fuerzas en una emocionante serie de Copa Davis los d\u00edas 1 y 2 de febrero del presente a\u00f1o. La entrada para el p\u00fablico ser\u00e1 completamente gratuita, lo que promete una [&hellip;]<\/p>\n","protected":false},"author":13,"featured_media":127911,"comment_status":"closed","ping_status":"closed","sticky":false,"template":"","format":"standard","meta":[],"categories":[3,2,60],"tags":[24321],"acf":[],"_links":{"self":[{"href":"https:\/\/colimdo.org\/wp-api\/wp\/v2\/posts\/127909"}],"collection":[{"href":"https:\/\/colimdo.org\/wp-api\/wp\/v2\/posts"}],"about":[{"href":"https:\/\/colimdo.org\/wp-api\/wp\/v2\/types\/post"}],"author":[{"embeddable":true,"href":"https:\/\/colimdo.org\/wp-api\/wp\/v2\/users\/13"}],"replies":[{"embeddable":true,"href":"https:\/\/colimdo.org\/wp-api\/wp\/v2\/comments?post=127909"}],"version-history":[{"count":1,"href":"https:\/\/colimdo.org\/wp-api\/wp\/v2\/posts\/127909\/revisions"}],"predecessor-version":[{"id":127912,"href":"https:\/\/colimdo.org\/wp-api\/wp\/v2\/posts\/127909\/revisions\/127912"}],"wp:featuredmedia":[{"embeddable":true,"href":"https:\/\/colimdo.org\/wp-api\/wp\/v2\/media\/127911"}],"wp:attachment":[{"href":"https:\/\/colimdo.org\/wp-api\/wp\/v2\/media?parent=127909"}],"wp:term":[{"taxonomy":"category","embeddable":true,"href":"https:\/\/colimdo.org\/wp-api\/wp\/v2\/categories?post=127909"},{"taxonomy":"post_tag","embeddable":true,"href":"https:\/\/colimdo.org\/wp-api\/wp\/v2\/tags?post=127909"}],"curies":[{"name":"wp","href":"https:\/\/api.w.org\/{rel}","templated":true}]}}