{"id":127926,"date":"2025-01-30T15:49:45","date_gmt":"2025-01-30T15:49:45","guid":{"rendered":"https:\/\/colimdo.org\/?p=127926"},"modified":"2025-01-30T15:49:45","modified_gmt":"2025-01-30T15:49:45","slug":"la-carrera-carrefour-10-k-sera-el-domingo-2-de-marzo","status":"publish","type":"post","link":"https:\/\/colimdo.org\/noticias\/la-carrera-carrefour-10-k-sera-el-domingo-2-de-marzo\/","title":{"rendered":"La carrera \u00a0Carrefour 10 K ser\u00e1 el domingo 2 de marzo"},"content":{"rendered":"<p>SANTO DOMINGO. La carrera Carrefour 10 K tendr\u00e1 su versi\u00f3n n\u00famero 11 el domingo 2 de marzo, a partir de las 7:00 de la ma\u00f1ana, con\u00a0recorrido que partir\u00e1 desde la plaza Downtown Center y hasta el kil\u00f3metro 5 del Parque Mirador Sur.<\/p>\n<p>Hipermercados Carrefour hizo el anuncio en el marco de un encuentro celebrado en las instalaciones de su sucursal de la Plaza Down Town Center, con la presencia de empresarios, corredores amateurs y personalidades del mundo de la comunicaci\u00f3n y el deporte.<\/p>\n<p>Al igual que en a\u00f1os anteriores, el trayecto contar\u00e1 con una ruta certificada, registro digital de los tiempos de los corredores, camisetas para cada corredor, medallas, premios de los patrocinadores, hidrataci\u00f3n cada 2.5 kil\u00f3metros, entre otros beneficios.<\/p>\n<p>\u201cGracias al \u00e9xito de las carreras organizadas en a\u00f1os anteriores, Carrefour y sus patrocinadores hemos decidido organizar por a\u00f1o consecutivo la carrera Carrefour 10K, como parte de nuestro compromiso de retribuir a nuestros clientes y relacionados el apoyo que nos han brindado desde siempre\u201d, inform\u00f3 la gerencia general de Carrefour.<\/p>\n<p>Asimismo, el director de Operaciones destac\u00f3 que, como es costumbre, la carrera contar\u00e1 con un equipo capacitado para asegurar la seguridad de los maratonistas participantes, as\u00ed como tambi\u00e9n profesionales de la medicina para dar la asistencia necesaria en caso de cualquier emergencia que se presente.<\/p>\n<p>\u201cEl trayecto completo ser\u00e1 custodiado por oficiales de la Digesett y de la organizaci\u00f3n del evento. De igual modo, habr\u00e1 monitores de emergencia que estar\u00e1n supervisando todo el trayecto para dar cualquier atenci\u00f3n m\u00e9dica. Se dispondr\u00e1 de 4 ambulancias debidamente equipadas, colocadas en puntos estrat\u00e9gicos y una en movimiento con el \u00faltimo corredor custodiando hasta el final del recorrido, lo cual garantiza el cierre de supervisi\u00f3n de emergencias en la ruta\u201d.<\/p>\n<p><strong>Premios:<\/strong><\/p>\n<p>Los participantes tendr\u00e1n la oportunidad de correr en la categor\u00eda overall masculino y femenino y obtener premios de RD$15,000 en el primer lugar; RD$10,000, en el segundo lugar; y RD$7,000 en el tercer lugar.<\/p>\n<p>Otras categor\u00edas clasificadas en edades son:<\/p>\n<p>De 16 a 19 a\u00f1os y 20-29 \/ 30-39 \/ 40-49 \/ 50-59 \/ 60-69 \/ 70 y m\u00e1s.<\/p>\n<p>Asimismo, una\u00a0<strong>categor\u00eda especial es en silla de ruedas.\u00a0<\/strong><\/p>\n<p>Cada categor\u00eda recibir\u00e1 RD$ 3,000.00 como premio en el primer lugar y RD$ 2,200.00 en el segundo, y RD$1,500.00 en el tercero.<\/p>\n<p>Igualmente, ser\u00e1n entregadas medallas para cada participante\/corredor que complete el recorrido.<\/p>\n<p><strong>C\u00f3mo participar<\/strong><\/p>\n<p>Para participar, los interesados pueden inscribirse desde ya y hasta el 1ro de febrero, a trav\u00e9s del portal de SDCTickets,\u00a0<a href=\"http:\/\/www.sdctickets.do\/\">www.sdctickets.do<\/a>, o de manera presencial en el Carrefour de la Autopista Duarte o en Carrefour Market en Downtown Center.\u00a0La inscripci\u00f3n tiene un costo de\u00a0RD$ 1,800.00\u00a0pesos, de los cuales se destinar\u00e1 un porcentaje a favor de la Fundaci\u00f3n Amigos Contra el C\u00e1ncer Infantil (FACCI), as\u00ed como la Fundaci\u00f3n O\u00edr para Vivir, como parte del proyecto de responsabilidad social Carrefour.<\/p>\n<p><strong>Fundaciones ben\u00e9ficas<\/strong><\/p>\n<p><strong>FACCI<\/strong><\/p>\n<p><strong>Fundaci\u00f3n Amigos contra el C\u00e1ncer Infantil (FACCI)<\/strong>, organizaci\u00f3n sin fines de lucro, fundada en el 2003 en Santo Domingo, Rep\u00fablica Dominicana. Surge de un grupo de amigos voluntarios con el objetivo de mejorar la calidad de vida y la sobrevida de ni\u00f1os, ni\u00f1as y adolescentes con c\u00e1ncer, principalmente en el Hospital Infantil Dr. Robert Reid Cabral y otros centros de salud. Su misi\u00f3n principal es mejorar la sobrevida y la calidad de vida de los ni\u00f1os con c\u00e1ncer y sus familias mediante programas de apoyo especializados.<\/p>\n<p><strong>Fundaci\u00f3n O\u00edr para vivir<\/strong><\/p>\n<p>La fundaci\u00f3n\u00a0<strong>O\u00edr para vivir<\/strong>\u00a0fue creada por Nathanael Le Herisse, un ciudadano franc\u00e9s residente en Rep\u00fablica Dominicana, despu\u00e9s de que su hija Nayely fuera diagnosticada con sordera profunda a los 4 a\u00f1os. Ante las dificultades en el pa\u00eds para atender a discapacitados auditivos, Le Herisse fund\u00f3\u00a0<strong>O\u00edr para vivir<\/strong>\u00a0para ayudar a personas con discapacidad auditiva en condiciones vulnerables, ofreci\u00e9ndoles las herramientas necesarias para desarrollar sus capacidades y vivir normalmente.<\/p>\n<p><strong>Empresas patrocinadoras:<\/strong><\/p>\n<p>Carrefour 10K es organizada por Carrefour Dominicana, con la log\u00edstica de Santo Domingo Corre. Asimismo, cuenta con los auspicios de las empresas:<\/p>\n<p>Sigma\u00a0,\u00a0Seguros Sura,\u00a0\u00a0Gatorade\u00a0,\u00a0Corporaci\u00f3n Multi Inversiones (Cmi),\u00a0\u00a0Induveca,\u00a0\u00a0\u00a0Downtown Center,\u00a0Industrias San Miguel,\u00a0\u00a0Hageco Ingenieros y Arquitectos,\u00a0\u00a0Air Cara\u00efbes,\u00a0Diario Libre\u00a0,\u00a0Franco Fern\u00e1ndez &amp; Asociados,\u00a0\u00a0Mercasid,\u00a0\u00a0Bocel,\u00a0\u00a0\u00a0\u00a0\u00a0\u00a0\u00a0\u00a0Colplat,\u00a0\u00a0CND,\u00a0\u00a0Ars Humano,\u00a0\u00a0Constructora Belcor,\u00a0 Beiersdorf\u00a0,\u00a0\u00a0\u00a0\u00c1lvarez &amp; S\u00e1nchez,\u00a0\u00a0\u00a0\u00a0\u00a0Abogados Consultores Alburquerque,\u00a0\u00a0 Helados\u00a0Bon,\u00a0\u00a0Inversiones Caobo, S. A,\u00a0\u00a0Ontario,\u00a0Funeraria Blandino,\u00a0\u00a0Distribuidora Corripio,\u00a0Frito Lay,\u00a0\u00a0\u00a0Dominican Motors,Con\u00a0tinental de Negocios,\u00a0\u00a0\u00a0\u00a0\u00a0Sued y Fargesa,\u00a0Quisqueya Comercial,\u00a0\u00a0\u00a0Cortes Hermanos,\u00a0\u00a0Chanlatte,\u00a0Yves Rocher,\u00b7\u00a0\u00a0\u00a0\u00a0\u00a0\u00a0\u00a0\u00a0\u00a0\u00a0Adopt,\u00a0\u00a0\u00a0\u00a0\u00a0Induban,\u00a0Red Bull<\/p>\n","protected":false},"excerpt":{"rendered":"<p>SANTO DOMINGO. La carrera Carrefour 10 K tendr\u00e1 su versi\u00f3n n\u00famero 11 el domingo 2 de marzo, a partir de las 7:00 de la ma\u00f1ana, con\u00a0recorrido que partir\u00e1 desde la plaza Downtown Center y hasta el kil\u00f3metro 5 del Parque Mirador Sur. Hipermercados Carrefour hizo el anuncio en el marco de un encuentro celebrado en [&hellip;]<\/p>\n","protected":false},"author":13,"featured_media":127927,"comment_status":"closed","ping_status":"closed","sticky":false,"template":"","format":"standard","meta":[],"categories":[83143,2,60],"tags":[100700],"acf":[],"_links":{"self":[{"href":"https:\/\/colimdo.org\/wp-api\/wp\/v2\/posts\/127926"}],"collection":[{"href":"https:\/\/colimdo.org\/wp-api\/wp\/v2\/posts"}],"about":[{"href":"https:\/\/colimdo.org\/wp-api\/wp\/v2\/types\/post"}],"author":[{"embeddable":true,"href":"https:\/\/colimdo.org\/wp-api\/wp\/v2\/users\/13"}],"replies":[{"embeddable":true,"href":"https:\/\/colimdo.org\/wp-api\/wp\/v2\/comments?post=127926"}],"version-history":[{"count":1,"href":"https:\/\/colimdo.org\/wp-api\/wp\/v2\/posts\/127926\/revisions"}],"predecessor-version":[{"id":127928,"href":"https:\/\/colimdo.org\/wp-api\/wp\/v2\/posts\/127926\/revisions\/127928"}],"wp:featuredmedia":[{"embeddable":true,"href":"https:\/\/colimdo.org\/wp-api\/wp\/v2\/media\/127927"}],"wp:attachment":[{"href":"https:\/\/colimdo.org\/wp-api\/wp\/v2\/media?parent=127926"}],"wp:term":[{"taxonomy":"category","embeddable":true,"href":"https:\/\/colimdo.org\/wp-api\/wp\/v2\/categories?post=127926"},{"taxonomy":"post_tag","embeddable":true,"href":"https:\/\/colimdo.org\/wp-api\/wp\/v2\/tags?post=127926"}],"curies":[{"name":"wp","href":"https:\/\/api.w.org\/{rel}","templated":true}]}}