{"id":127957,"date":"2025-01-31T19:34:33","date_gmt":"2025-01-31T19:34:33","guid":{"rendered":"https:\/\/colimdo.org\/?p=127957"},"modified":"2025-01-31T19:34:40","modified_gmt":"2025-01-31T19:34:40","slug":"rd-disputara-dos-amistosos-frente-a-puerto-rico-en-marzo","status":"publish","type":"post","link":"https:\/\/colimdo.org\/noticias\/rd-disputara-dos-amistosos-frente-a-puerto-rico-en-marzo\/","title":{"rendered":"RD disputar\u00e1 dos amistosos frente a Puerto Rico en marzo"},"content":{"rendered":"<p>SANTO DOMINGO. La Selecci\u00f3n Dominicana de F\u00fatbol Absoluta estar\u00e1 disputando dos partidos ante su similar de Puerto Rico durante la ventana FIFA de marzo de 2025, compromisos que servir\u00e1n para ir poniendo a tono al elenco nacional de cara a los duelos por las Clasificatorias Concacaf al Mundial FIFA 2026 los d\u00edas 6 y 10 de junio frente a Guatemala y Dominica respectivamente, as\u00ed como para la in\u00e9dita participaci\u00f3n en Copa Oro.<\/p>\n<p>El primer desaf\u00edo se llevar\u00e1 a cabo el viernes 21 de marzo en el Estadio Juan Ram\u00f3n Loubriel, ubicado en Bayam\u00f3n \u2013 Puerto Rico y el martes 25 de marzo se completar\u00e1 la serie en el Estadio Cibao FC de Santiago de los Caballeros. Ambos cotejos est\u00e1n pautados para las 8:00 de la noche (hora de RD).<\/p>\n<p>Ambas escuadras tendr\u00e1n la oportunidad sacarle provecho a la ventana FIFA de marzo en medio de una situaci\u00f3n compleja para organizar desaf\u00edos, puesto que en el \u00e1rea de Concacaf se estar\u00e1n disputando las semifinales y final de la Liga de Naciones, as\u00ed como los repechajes para la Copa Oro -lo que mantendr\u00e1 ocupadas a un gran n\u00famero de selecciones- y en Conmebol est\u00e1 pautada la continuaci\u00f3n de las Eliminatorias al Mundial FIFA 2026. Por citar las confederaciones m\u00e1s cercanas.<\/p>\n<p>Rep\u00fablica Dominicana y Puerto Rico cuentan con una rivalidad deportiva hist\u00f3rica que abarca todas las disciplinas, y la selecci\u00f3n boricua se ha mostrado muy competitiva en los \u00faltimos a\u00f1os en los que ha contado con un buen n\u00famero de jugadores que hacen vida en el f\u00fatbol de Europa y Estados Unidos principalmente, lo que permite pensar ser\u00e1n dos buenos partidos con tintes de cl\u00e1sico y en un gran espect\u00e1culo.<\/p>\n<p>La informaci\u00f3n concerniente al costo de boletas, fecha de inicio de venta y lugar ser\u00e1 dada a conocer en los pr\u00f3ximos d\u00edas para que la afici\u00f3n cuente con la mayor comodidad y pueda adquirirlas con antelaci\u00f3n.<\/p>\n","protected":false},"excerpt":{"rendered":"<p>SANTO DOMINGO. La Selecci\u00f3n Dominicana de F\u00fatbol Absoluta estar\u00e1 disputando dos partidos ante su similar de Puerto Rico durante la ventana FIFA de marzo de 2025, compromisos que servir\u00e1n para ir poniendo a tono al elenco nacional de cara a los duelos por las Clasificatorias Concacaf al Mundial FIFA 2026 los d\u00edas 6 y 10 [&hellip;]<\/p>\n","protected":false},"author":13,"featured_media":127958,"comment_status":"closed","ping_status":"closed","sticky":false,"template":"","format":"standard","meta":[],"categories":[3,2,60],"tags":[79775],"acf":[],"_links":{"self":[{"href":"https:\/\/colimdo.org\/wp-api\/wp\/v2\/posts\/127957"}],"collection":[{"href":"https:\/\/colimdo.org\/wp-api\/wp\/v2\/posts"}],"about":[{"href":"https:\/\/colimdo.org\/wp-api\/wp\/v2\/types\/post"}],"author":[{"embeddable":true,"href":"https:\/\/colimdo.org\/wp-api\/wp\/v2\/users\/13"}],"replies":[{"embeddable":true,"href":"https:\/\/colimdo.org\/wp-api\/wp\/v2\/comments?post=127957"}],"version-history":[{"count":1,"href":"https:\/\/colimdo.org\/wp-api\/wp\/v2\/posts\/127957\/revisions"}],"predecessor-version":[{"id":127959,"href":"https:\/\/colimdo.org\/wp-api\/wp\/v2\/posts\/127957\/revisions\/127959"}],"wp:featuredmedia":[{"embeddable":true,"href":"https:\/\/colimdo.org\/wp-api\/wp\/v2\/media\/127958"}],"wp:attachment":[{"href":"https:\/\/colimdo.org\/wp-api\/wp\/v2\/media?parent=127957"}],"wp:term":[{"taxonomy":"category","embeddable":true,"href":"https:\/\/colimdo.org\/wp-api\/wp\/v2\/categories?post=127957"},{"taxonomy":"post_tag","embeddable":true,"href":"https:\/\/colimdo.org\/wp-api\/wp\/v2\/tags?post=127957"}],"curies":[{"name":"wp","href":"https:\/\/api.w.org\/{rel}","templated":true}]}}