{"id":128124,"date":"2025-02-11T00:35:40","date_gmt":"2025-02-11T00:35:40","guid":{"rendered":"https:\/\/colimdo.org\/?p=128124"},"modified":"2025-02-11T00:35:50","modified_gmt":"2025-02-11T00:35:50","slug":"onceno-vence-a-aruba-en-inicio-clasificatoria-sub-17-de-concacaf","status":"publish","type":"post","link":"https:\/\/colimdo.org\/noticias\/onceno-vence-a-aruba-en-inicio-clasificatoria-sub-17-de-concacaf\/","title":{"rendered":"Onceno vence a Aruba en inicio clasificatoria Sub-17 de Concacaf"},"content":{"rendered":"<p><strong>SANTO DOMINGO<\/strong>.- Rep\u00fablica Dominicana super\u00f3 1 por 0 a Aruba este lunes en su primera presentaci\u00f3n por el Grupo G de la Clasificatoria Sub-17 Concacaf 2025 que se disput\u00f3 en el Estadio Rommel Fern\u00e1ndez de Ciudad de Panam\u00e1.<\/p>\n<p>Ismahel Saidani le dio los tres puntos a la Sedof\u00fatbol que el mi\u00e9rcoles se medir\u00e1 a Granada.<\/p>\n<p>La competici\u00f3n otorga un boleto al ganador del grupo para la Copa Mundial Sub-17 de la FIFA 2025 que se jugar\u00e1 en Catar durante el mes de noviembre.<\/p>\n<p>Los pupilos de Edward Acevedo salieron en busca del partido desde el primer minuto y antes de los 10\u2019 generaron dos buenas oportunidades en jugadas de tiro libre, la primera no tuvo buena definici\u00f3n de Jos\u00e9 Carlos Abreu y la segunda fue despejada por un defensor al c\u00f3rner.<\/p>\n<p>Sobre la fracci\u00f3n 20\u2019 se juntaron por el costado izquierdo los dominicanos con una buena salida y un par de toques de primera en la zona media que permiti\u00f3 profundizar la habilitaci\u00f3n a Lu\u00eds Eli\u00e1n L\u00f3pez, quien al llegar a l\u00ednea de fondo solt\u00f3 el pase de la muerte para que Ismahel Saidani con sutileza anotara sin problemas.<\/p>\n<p>Apenas a los dos minutos de iniciar el complemento la Sedof\u00fatbol quit\u00f3 una pelota en mitad de cancha y Adri\u00e1n Jaquez filtr\u00f3 un lindo pase al \u00e1rea para L\u00f3pez quien defini\u00f3 muy bien, rasante y ajustada al palo, pero el meta rival alcanz\u00f3 a desviarla al tiro de esquina.<\/p>\n<p>Dominicana fue dominante durante todo el partido a partir de la posesi\u00f3n de la pelota, generando varias oportunidades sin embargo no aparecieron m\u00e1s anotaciones.<\/p>\n<p>La segunda presentaci\u00f3n de Rep\u00fablica Dominicana ser\u00e1 el mi\u00e9rcoles 12 de febrero ante Granada a partir de las 5:00 de la tarde y en el propio Estadio Rommel Fern\u00e1ndez. La contienda cerrar\u00e1 el s\u00e1bado frente a Panam\u00e1 en el mismo escenario desde las 7:00 PM, ambos horarios de RD.<\/p>\n<p>Cabe destacar que el boleto a la Copa Mundial Sub-17 de la FIFA Catar 2025 que est\u00e1 en disputa en este grupo ser\u00e1 s\u00f3lo para el conjunto que finalice en el primer puesto tras las tres jornadas.<\/p>\n","protected":false},"excerpt":{"rendered":"<p>SANTO DOMINGO.- Rep\u00fablica Dominicana super\u00f3 1 por 0 a Aruba este lunes en su primera presentaci\u00f3n por el Grupo G de la Clasificatoria Sub-17 Concacaf 2025 que se disput\u00f3 en el Estadio Rommel Fern\u00e1ndez de Ciudad de Panam\u00e1. Ismahel Saidani le dio los tres puntos a la Sedof\u00fatbol que el mi\u00e9rcoles se medir\u00e1 a Granada. [&hellip;]<\/p>\n","protected":false},"author":13,"featured_media":128125,"comment_status":"closed","ping_status":"closed","sticky":false,"template":"","format":"standard","meta":[],"categories":[3,2,60],"tags":[77],"acf":[],"_links":{"self":[{"href":"https:\/\/colimdo.org\/wp-api\/wp\/v2\/posts\/128124"}],"collection":[{"href":"https:\/\/colimdo.org\/wp-api\/wp\/v2\/posts"}],"about":[{"href":"https:\/\/colimdo.org\/wp-api\/wp\/v2\/types\/post"}],"author":[{"embeddable":true,"href":"https:\/\/colimdo.org\/wp-api\/wp\/v2\/users\/13"}],"replies":[{"embeddable":true,"href":"https:\/\/colimdo.org\/wp-api\/wp\/v2\/comments?post=128124"}],"version-history":[{"count":1,"href":"https:\/\/colimdo.org\/wp-api\/wp\/v2\/posts\/128124\/revisions"}],"predecessor-version":[{"id":128126,"href":"https:\/\/colimdo.org\/wp-api\/wp\/v2\/posts\/128124\/revisions\/128126"}],"wp:featuredmedia":[{"embeddable":true,"href":"https:\/\/colimdo.org\/wp-api\/wp\/v2\/media\/128125"}],"wp:attachment":[{"href":"https:\/\/colimdo.org\/wp-api\/wp\/v2\/media?parent=128124"}],"wp:term":[{"taxonomy":"category","embeddable":true,"href":"https:\/\/colimdo.org\/wp-api\/wp\/v2\/categories?post=128124"},{"taxonomy":"post_tag","embeddable":true,"href":"https:\/\/colimdo.org\/wp-api\/wp\/v2\/tags?post=128124"}],"curies":[{"name":"wp","href":"https:\/\/api.w.org\/{rel}","templated":true}]}}