{"id":128148,"date":"2025-02-12T02:07:32","date_gmt":"2025-02-12T02:07:32","guid":{"rendered":"https:\/\/colimdo.org\/?p=128148"},"modified":"2025-02-12T02:07:46","modified_gmt":"2025-02-12T02:07:46","slug":"sedofutbol-sub-17-juega-este-miercoles-en-clasificatoria-concacaf","status":"publish","type":"post","link":"https:\/\/colimdo.org\/noticias\/sedofutbol-sub-17-juega-este-miercoles-en-clasificatoria-concacaf\/","title":{"rendered":"Sedof\u00fatbol Sub-17 juega este mi\u00e9rcoles en Clasificatoria Concacaf"},"content":{"rendered":"<p>SANTO DOMINGO.- Rep\u00fablica Dominicana volver\u00e1 a la acci\u00f3n este mi\u00e9rcoles 11 de febrero para enfrentar a Granada en partido correspondiente a la segunda jornada del Grupo G de la Clasificatoria Sub-17 Concacaf 2025 que se est\u00e1 celebrando en Ciudad de Panam\u00e1. El cotejo est\u00e1 pautado para las 5:00 de la tarde en el Estadio Rommel Fern\u00e1ndez.<\/p>\n<p>La Sedof\u00fatbol Sub-17 viene de ganar por la m\u00ednima diferencia (1-0) ante Aruba el lunes con gol de Ismahel Saidany para sumar sus primeros tres puntos en la contienda.<\/p>\n<p>Por su parte Granada cay\u00f3 goleado 8-0 frente a Panam\u00e1 en el cierre de la primera jornada.<\/p>\n<p>El elenco quisqueyano cuenta con todos sus efectivos disponibles para este segundo partido del premundial, solo Lu\u00eds Eli\u00e1n L\u00f3pez est\u00e1 apercibido tras recibir tarjeta amarilla en el duelo pasado, por lo que de recibir una nueva cartulina p\u00e1lida se perder\u00eda el enfrentamiento del s\u00e1bado con Panam\u00e1.<\/p>\n<p>Panam\u00e1 y Dominicana dominan el Grupo G con tres puntos, aunque los canaleros son primeros por tener mejor diferencial de goles. Aruba y Granada cierran la tabla de posiciones sin puntos.<\/p>\n<p>Cabe destacar que a la Copa Mundial Sub-17 de la FIFA Catar 2025 clasificar\u00e1 la selecci\u00f3n que finalice en el primer puesto luego de las tres jornadas, por ello la importancia de obtener una nueva victoria este mi\u00e9rcoles a primera hora.<\/p>\n<p>El partido ser\u00e1 transmitido por ESPN y Disney + para el territorio dominicano.<\/p>\n","protected":false},"excerpt":{"rendered":"<p>SANTO DOMINGO.- Rep\u00fablica Dominicana volver\u00e1 a la acci\u00f3n este mi\u00e9rcoles 11 de febrero para enfrentar a Granada en partido correspondiente a la segunda jornada del Grupo G de la Clasificatoria Sub-17 Concacaf 2025 que se est\u00e1 celebrando en Ciudad de Panam\u00e1. El cotejo est\u00e1 pautado para las 5:00 de la tarde en el Estadio Rommel [&hellip;]<\/p>\n","protected":false},"author":13,"featured_media":128149,"comment_status":"closed","ping_status":"closed","sticky":false,"template":"","format":"standard","meta":[],"categories":[3,2,60],"tags":[77],"acf":[],"_links":{"self":[{"href":"https:\/\/colimdo.org\/wp-api\/wp\/v2\/posts\/128148"}],"collection":[{"href":"https:\/\/colimdo.org\/wp-api\/wp\/v2\/posts"}],"about":[{"href":"https:\/\/colimdo.org\/wp-api\/wp\/v2\/types\/post"}],"author":[{"embeddable":true,"href":"https:\/\/colimdo.org\/wp-api\/wp\/v2\/users\/13"}],"replies":[{"embeddable":true,"href":"https:\/\/colimdo.org\/wp-api\/wp\/v2\/comments?post=128148"}],"version-history":[{"count":1,"href":"https:\/\/colimdo.org\/wp-api\/wp\/v2\/posts\/128148\/revisions"}],"predecessor-version":[{"id":128150,"href":"https:\/\/colimdo.org\/wp-api\/wp\/v2\/posts\/128148\/revisions\/128150"}],"wp:featuredmedia":[{"embeddable":true,"href":"https:\/\/colimdo.org\/wp-api\/wp\/v2\/media\/128149"}],"wp:attachment":[{"href":"https:\/\/colimdo.org\/wp-api\/wp\/v2\/media?parent=128148"}],"wp:term":[{"taxonomy":"category","embeddable":true,"href":"https:\/\/colimdo.org\/wp-api\/wp\/v2\/categories?post=128148"},{"taxonomy":"post_tag","embeddable":true,"href":"https:\/\/colimdo.org\/wp-api\/wp\/v2\/tags?post=128148"}],"curies":[{"name":"wp","href":"https:\/\/api.w.org\/{rel}","templated":true}]}}