{"id":128175,"date":"2025-02-13T01:40:18","date_gmt":"2025-02-13T01:40:18","guid":{"rendered":"https:\/\/colimdo.org\/?p=128175"},"modified":"2025-02-13T01:40:29","modified_gmt":"2025-02-13T01:40:29","slug":"onceno-goleo-a-granada-clasificatoria-sub17-concacaf","status":"publish","type":"post","link":"https:\/\/colimdo.org\/noticias\/onceno-goleo-a-granada-clasificatoria-sub17-concacaf\/","title":{"rendered":"Onceno gole\u00f3 a Granada clasificatoria sub17 Concacaf"},"content":{"rendered":"<p>Rep\u00fablica Dominicana super\u00f3 c\u00f3modamente 4-0 a Granada para obtener su segunda victoria en la Clasificatoria Sub-17 Concacaf 2025, partido celebrado este mi\u00e9rcoles 12 de febrero en el Estadio Rommel Fern\u00e1ndez de Ciudad de Panam\u00e1. Lu\u00eds L\u00f3pez con doblete, Adri\u00e1n Garc\u00eda y Alex Urresti fueron los goleadores del encuentro.<\/p>\n<p>La Sedof\u00fatbol lleg\u00f3 a seis puntos y se jugar\u00e1 el pase al Mundial FIFA Sub-17 este s\u00e1bado contra Panam\u00e1 -que al momento de esta redacci\u00f3n ten\u00eda tres puntos, pero le faltaba completar su segunda presentaci\u00f3n a segunda hora-.<\/p>\n<p>Durante el primer cuarto de hora la Sedof\u00fatbol cont\u00f3 con tres opciones claras de gol, la primera vino con asistencia de Adri\u00e1n Garc\u00eda desde la izquierda para que Ismahel Saidany remata, pero el portero rival estuvo atento. Lu\u00eds Eli\u00e1n L\u00f3pez tambi\u00e9n tuvo un par de remates sin \u00e9xito.<\/p>\n<p>L\u00f3pez abri\u00f3 la pizarra a los 22\u2019 minutos con gol de penal tras una ejecuci\u00f3n impecable de pierna izquierda que enga\u00f1\u00f3 al guardameta por completo. El golero se arroj\u00f3 hacia su mano derecha y el bal\u00f3n al otro extremo.<\/p>\n<p>Al 45\u2019+2\u2019 el propio Lu\u00eds Eli\u00e1n ampliar\u00eda la ventaja con su segundo tanto de la tarde despu\u00e9s de recibir un pase sobre el v\u00e9rtice del \u00e1rea por el costado izquierdo, encar\u00f3 al defensor y se lo quit\u00f3 de encima con un enganche que le permiti\u00f3 sacar un disparo de pierna derecha a ras de vegetaci\u00f3n que se abraz\u00f3 con las redes.<\/p>\n<p>Garc\u00eda anot\u00f3 de cabeza el tercer gol dominicano sobre la fracci\u00f3n 64\u2019 luego de una transici\u00f3n r\u00e1pida que permiti\u00f3 al onceno criollo montar un contragolpe letal por el sector izquierdo desde donde L\u00f3pez solt\u00f3 el pase a\u00e9reo para que el diez la pusiera en el \u00e1ngulo superior izquierdo.<\/p>\n<p>Alex Urresti no desaprovech\u00f3 un regalo dentro del \u00e1rea que le dej\u00f3 el guardameta rival, quien intent\u00f3 atrapar un centro, pero solt\u00f3 el bal\u00f3n en los predios del atacante quisqueyano y de esa manera llegar\u00eda la cuarta anotaci\u00f3n del partido.<\/p>\n<p>Granada se qued\u00f3 con un futbolista menos al 82\u2019 tras la expulsi\u00f3n por doble tarjeta amarilla de Rasheed George.<\/p>\n<p>Rep\u00fablica Dominicana jugar\u00e1 su tercer y \u00faltimo partido este s\u00e1bado 15 de febrero ante Panam\u00e1 en el mismo escenario a partir de las 8:00 de la noche (hora de RD), cotejo que definir\u00e1 el primer lugar del grupo y a la postre quien se quedar\u00e1 con el boleto a la Copa Mundial Sub-17 de la FIFA Catar 2025.<\/p>\n","protected":false},"excerpt":{"rendered":"<p>Rep\u00fablica Dominicana super\u00f3 c\u00f3modamente 4-0 a Granada para obtener su segunda victoria en la Clasificatoria Sub-17 Concacaf 2025, partido celebrado este mi\u00e9rcoles 12 de febrero en el Estadio Rommel Fern\u00e1ndez de Ciudad de Panam\u00e1. Lu\u00eds L\u00f3pez con doblete, Adri\u00e1n Garc\u00eda y Alex Urresti fueron los goleadores del encuentro. La Sedof\u00fatbol lleg\u00f3 a seis puntos y [&hellip;]<\/p>\n","protected":false},"author":13,"featured_media":128176,"comment_status":"closed","ping_status":"closed","sticky":false,"template":"","format":"standard","meta":[],"categories":[3,2,60],"tags":[77],"acf":[],"_links":{"self":[{"href":"https:\/\/colimdo.org\/wp-api\/wp\/v2\/posts\/128175"}],"collection":[{"href":"https:\/\/colimdo.org\/wp-api\/wp\/v2\/posts"}],"about":[{"href":"https:\/\/colimdo.org\/wp-api\/wp\/v2\/types\/post"}],"author":[{"embeddable":true,"href":"https:\/\/colimdo.org\/wp-api\/wp\/v2\/users\/13"}],"replies":[{"embeddable":true,"href":"https:\/\/colimdo.org\/wp-api\/wp\/v2\/comments?post=128175"}],"version-history":[{"count":1,"href":"https:\/\/colimdo.org\/wp-api\/wp\/v2\/posts\/128175\/revisions"}],"predecessor-version":[{"id":128177,"href":"https:\/\/colimdo.org\/wp-api\/wp\/v2\/posts\/128175\/revisions\/128177"}],"wp:featuredmedia":[{"embeddable":true,"href":"https:\/\/colimdo.org\/wp-api\/wp\/v2\/media\/128176"}],"wp:attachment":[{"href":"https:\/\/colimdo.org\/wp-api\/wp\/v2\/media?parent=128175"}],"wp:term":[{"taxonomy":"category","embeddable":true,"href":"https:\/\/colimdo.org\/wp-api\/wp\/v2\/categories?post=128175"},{"taxonomy":"post_tag","embeddable":true,"href":"https:\/\/colimdo.org\/wp-api\/wp\/v2\/tags?post=128175"}],"curies":[{"name":"wp","href":"https:\/\/api.w.org\/{rel}","templated":true}]}}