{"id":128187,"date":"2025-02-13T18:41:09","date_gmt":"2025-02-13T18:41:09","guid":{"rendered":"https:\/\/colimdo.org\/?p=128187"},"modified":"2025-02-13T18:41:09","modified_gmt":"2025-02-13T18:41:09","slug":"canada-llega-con-17-peleadores-a-copa-independencia-boxeo","status":"publish","type":"post","link":"https:\/\/colimdo.org\/noticias\/canada-llega-con-17-peleadores-a-copa-independencia-boxeo\/","title":{"rendered":"Canad\u00e1 llega con 17 peleadores a Copa Independencia Boxeo"},"content":{"rendered":"<p><strong>SANTIAGO.<\/strong>\u00a0La Federaci\u00f3n de Boxeo de Canad\u00e1 inscribi\u00f3 a 17 peleadores para participar en la edici\u00f3n 44 de la Copa Independencia de Boxeo, que se celebrar\u00e1 del 23 al 28 de este mes, con una dedicatoria especial a la vicepresidenta Raquel Pe\u00f1a.<\/p>\n<p>De los 17 p\u00fagiles canadienses, 13 son varones y cuatro son mujeres, inform\u00f3 Miguel Mart\u00ednez, presidente de la Asociaci\u00f3n de Boxeo de Santiago, instituci\u00f3n que organiza el evento. Para la ocasi\u00f3n, se conform\u00f3 un Comit\u00e9 Organizador, presidido por el ingeniero Frank Rodr\u00edguez.<\/p>\n<p>Las cuatro damas que subir\u00e1n al cuadril\u00e1tero del anfiteatro de la Universidad Tecnol\u00f3gica de Santiago (UTESA) est\u00e1n encabezadas por McKenzie Wright, quien competir\u00e1 en la categor\u00eda de 48 a 50 kilogramos.<br \/>\nTambi\u00e9n, en la misma divisi\u00f3n, participar\u00e1 Anne Marcotte, mientras que en la categor\u00eda de 51 a 54 kilogramos estar\u00e1 Sabrina Simons, y en los 57 kilogramos, Marie Ahmadieh.<\/p>\n<p>En el grupo masculino, el peso m\u00e1s ligero es Randy Polines, quien competir\u00e1 entre los 49 y 51 kilogramos. En los 57 kilogramos pelear\u00e1n Alexis Turbide y Karan Sembhi.<br \/>\nKeoma Al\u00ed Al Ahmadieh ser\u00e1 el representante canadiense en los 60 kilogramos, Mohammed Milad en los 63, Katliyn Clarck en los 66 y Kuwadepp Manu en los 71 kilogramos.<\/p>\n<p>En las categor\u00edas de peso m\u00e1s alto figuran Joshua Ofori y Adam Fregonas en los 75 kilogramos.<br \/>\nAsimismo, Canad\u00e1 trae dos peleadores en la divisi\u00f3n de los 80 kilogramos: Umar Carcamo y Nickenson Denis.<\/p>\n<p><strong>Rueda de prensa<\/strong><\/p>\n<p>La Asociaci\u00f3n de Boxeo de Santiago y la Federaci\u00f3n Dominicana de Boxeo ofrecer\u00e1n una rueda de prensa el martes 18 para anunciar oficialmente la Copa Independencia de Boxeo.<\/p>\n<p>El encuentro se llevar\u00e1 a cabo en el Sal\u00f3n James Rodr\u00edguez, del Ministerio de Deportes en Santo Domingo, a partir de las 10:30 de la ma\u00f1ana.<\/p>\n<p>Posteriormente, se realizar\u00e1 otra rueda de prensa en Santiago, antes de la apertura del evento, programado para iniciar el 23 de este mes.<\/p>\n","protected":false},"excerpt":{"rendered":"<p>SANTIAGO.\u00a0La Federaci\u00f3n de Boxeo de Canad\u00e1 inscribi\u00f3 a 17 peleadores para participar en la edici\u00f3n 44 de la Copa Independencia de Boxeo, que se celebrar\u00e1 del 23 al 28 de este mes, con una dedicatoria especial a la vicepresidenta Raquel Pe\u00f1a. De los 17 p\u00fagiles canadienses, 13 son varones y cuatro son mujeres, inform\u00f3 Miguel [&hellip;]<\/p>\n","protected":false},"author":13,"featured_media":128188,"comment_status":"closed","ping_status":"closed","sticky":false,"template":"","format":"standard","meta":[],"categories":[2,4,60],"tags":[24683],"acf":[],"_links":{"self":[{"href":"https:\/\/colimdo.org\/wp-api\/wp\/v2\/posts\/128187"}],"collection":[{"href":"https:\/\/colimdo.org\/wp-api\/wp\/v2\/posts"}],"about":[{"href":"https:\/\/colimdo.org\/wp-api\/wp\/v2\/types\/post"}],"author":[{"embeddable":true,"href":"https:\/\/colimdo.org\/wp-api\/wp\/v2\/users\/13"}],"replies":[{"embeddable":true,"href":"https:\/\/colimdo.org\/wp-api\/wp\/v2\/comments?post=128187"}],"version-history":[{"count":1,"href":"https:\/\/colimdo.org\/wp-api\/wp\/v2\/posts\/128187\/revisions"}],"predecessor-version":[{"id":128189,"href":"https:\/\/colimdo.org\/wp-api\/wp\/v2\/posts\/128187\/revisions\/128189"}],"wp:featuredmedia":[{"embeddable":true,"href":"https:\/\/colimdo.org\/wp-api\/wp\/v2\/media\/128188"}],"wp:attachment":[{"href":"https:\/\/colimdo.org\/wp-api\/wp\/v2\/media?parent=128187"}],"wp:term":[{"taxonomy":"category","embeddable":true,"href":"https:\/\/colimdo.org\/wp-api\/wp\/v2\/categories?post=128187"},{"taxonomy":"post_tag","embeddable":true,"href":"https:\/\/colimdo.org\/wp-api\/wp\/v2\/tags?post=128187"}],"curies":[{"name":"wp","href":"https:\/\/api.w.org\/{rel}","templated":true}]}}