{"id":128197,"date":"2025-02-14T17:39:16","date_gmt":"2025-02-14T17:39:16","guid":{"rendered":"https:\/\/colimdo.org\/?p=128197"},"modified":"2025-02-14T17:39:16","modified_gmt":"2025-02-14T17:39:16","slug":"las-aguilas-cibaenas-designan-rene-francisco-y-gian-guzman","status":"publish","type":"post","link":"https:\/\/colimdo.org\/noticias\/las-aguilas-cibaenas-designan-rene-francisco-y-gian-guzman\/","title":{"rendered":"Las \u00c1guilas Cibae\u00f1as designan Ren\u00e9 Francisco y Gian Guzm\u00e1n"},"content":{"rendered":"<p>SANTIAGO. El Consejo Directivo de las \u00c1guilas Cibae\u00f1as anunci\u00f3 la incorporaci\u00f3n de Ren\u00e9 Francisco como Vicepresidente de Operaciones de B\u00e9isbol y Gian Carlos Guzm\u00e1n como Gerente General, fortaleciendo la estructura gerencial del equipo con dos figuras de gran trayectoria y prestigio en el b\u00e9isbol profesional.<\/p>\n<p>El presidente de las \u00c1guilas Cibae\u00f1as, V\u00edctor Garc\u00eda Sued, manifest\u00f3 su confianza en esta nueva direcci\u00f3n, destacando la capacidad de ambos ejecutivos para consolidar un equipo competitivo. \u201cCon este nombramiento, las \u00c1guilas Cibae\u00f1as refuerzan su compromiso con la excelencia, confiando en que Gian Guzm\u00e1n y Ren\u00e9 Francisco utilizar\u00e1n su experiencia, pasi\u00f3n y visi\u00f3n estrat\u00e9gica para devolvernos al protagonismo y seguir sumando t\u00edtulos a nuestra rica historia\u201d, expres\u00f3 Garc\u00eda Sued.<\/p>\n<p>Ren\u00e9 Francisco: Un l\u00edder en la evaluaci\u00f3n de talento<\/p>\n<p>Con una carrera de m\u00e1s de tres d\u00e9cadas en el b\u00e9isbol profesional, Ren\u00e9 Francisco es una de las mentes m\u00e1s respetadas en el \u00e1mbito de operaciones de b\u00e9isbol. Actualmente, es Vicepresidente Senior de Operaciones de Grandes Ligas e Internacionales y Asistente del Gerente General de los Reales de Kansas City, organizaci\u00f3n en la que ha trabajado por 18 temporadas. Previamente, ocup\u00f3 posiciones clave con los Bravos de Atlanta y los Dodgers de Los \u00c1ngeles, siendo pieza fundamental en la identificaci\u00f3n y desarrollo de talento internacional.<\/p>\n<p>En LIDOM, ha desempe\u00f1ado funciones directivas con los Gigantes del Cibao y los Tigres del Licey. En la temporada 2014-2015, lider\u00f3 a los Gigantes a su primer campeonato en la historia de la franquicia, mientras que con el Licey, contribuy\u00f3 a la consecuci\u00f3n del t\u00edtulo en la campa\u00f1a 2016-2017.<\/p>\n<p>Ahora, en su rol con las \u00c1guilas Cibae\u00f1as, su misi\u00f3n ser\u00e1 estructurar una plantilla balanceada y fortalecer el talento joven del equipo, garantizando una organizaci\u00f3n competitiva a largo plazo.<br \/>\nGian Guzm\u00e1n: Una nueva visi\u00f3n para la gerencia aguilucha<\/p>\n<p>Natural de Santiago de los Caballeros, Guzm\u00e1n regresa a su casa beisbolera con el reto de liderar la gerencia general del equipo. Su relaci\u00f3n con las \u00c1guilas inici\u00f3 en el Draft de Novatos de 2008, cuando fue seleccionado como el pick 18. Su carrera como jugador profesional lo llev\u00f3 a los Cachorros de Chicago en Clase A, pero su talento para la evaluaci\u00f3n de jugadores lo encamin\u00f3 r\u00e1pidamente hacia el mundo de la gerencia deportiva.<\/p>\n<p>Con 18 a\u00f1os de experiencia en la organizaci\u00f3n de los Cubs de Chicago, actualmente se desempe\u00f1a como Director de Scouteo en Latinoam\u00e9rica. Ha sido clave en el desarrollo de figuras como Christopher Morel, Eloy Jim\u00e9nez y Jorge Soler, y form\u00f3 parte del equipo de operaciones que llev\u00f3 a los Cubs a conquistar la Serie Mundial de 2016 tras 108 a\u00f1os de sequ\u00eda.<\/p>\n<p>En la Liga Dominicana de B\u00e9isbol, ha trabajado con equipos como las Estrellas Orientales, los Gigantes del Cibao y las propias \u00c1guilas Cibae\u00f1as, destac\u00e1ndose por su ojo cl\u00ednico en el scouting y la selecci\u00f3n de talento joven.<br \/>\nSu primer gran reto ser\u00e1 la Agencia Libre, donde, junto a Ren\u00e9 Francisco, evaluar\u00e1 la retenci\u00f3n de jugadores clave y la incorporaci\u00f3n de nuevas piezas para reforzar el plantel aguilucho.<\/p>\n<p>Con estas designaciones, las \u00c1guilas Cibae\u00f1as reafirman su compromiso con la excelencia, apostando a una combinaci\u00f3n de experiencia y juventud en su gerencia para guiar al equipo de regreso a los primeros planos del b\u00e9isbol dominicano.<\/p>\n","protected":false},"excerpt":{"rendered":"<p>SANTIAGO. El Consejo Directivo de las \u00c1guilas Cibae\u00f1as anunci\u00f3 la incorporaci\u00f3n de Ren\u00e9 Francisco como Vicepresidente de Operaciones de B\u00e9isbol y Gian Carlos Guzm\u00e1n como Gerente General, fortaleciendo la estructura gerencial del equipo con dos figuras de gran trayectoria y prestigio en el b\u00e9isbol profesional. El presidente de las \u00c1guilas Cibae\u00f1as, V\u00edctor Garc\u00eda Sued, manifest\u00f3 [&hellip;]<\/p>\n","protected":false},"author":13,"featured_media":128198,"comment_status":"closed","ping_status":"closed","sticky":false,"template":"","format":"standard","meta":[],"categories":[2,4,60],"tags":[24679],"acf":[],"_links":{"self":[{"href":"https:\/\/colimdo.org\/wp-api\/wp\/v2\/posts\/128197"}],"collection":[{"href":"https:\/\/colimdo.org\/wp-api\/wp\/v2\/posts"}],"about":[{"href":"https:\/\/colimdo.org\/wp-api\/wp\/v2\/types\/post"}],"author":[{"embeddable":true,"href":"https:\/\/colimdo.org\/wp-api\/wp\/v2\/users\/13"}],"replies":[{"embeddable":true,"href":"https:\/\/colimdo.org\/wp-api\/wp\/v2\/comments?post=128197"}],"version-history":[{"count":1,"href":"https:\/\/colimdo.org\/wp-api\/wp\/v2\/posts\/128197\/revisions"}],"predecessor-version":[{"id":128199,"href":"https:\/\/colimdo.org\/wp-api\/wp\/v2\/posts\/128197\/revisions\/128199"}],"wp:featuredmedia":[{"embeddable":true,"href":"https:\/\/colimdo.org\/wp-api\/wp\/v2\/media\/128198"}],"wp:attachment":[{"href":"https:\/\/colimdo.org\/wp-api\/wp\/v2\/media?parent=128197"}],"wp:term":[{"taxonomy":"category","embeddable":true,"href":"https:\/\/colimdo.org\/wp-api\/wp\/v2\/categories?post=128197"},{"taxonomy":"post_tag","embeddable":true,"href":"https:\/\/colimdo.org\/wp-api\/wp\/v2\/tags?post=128197"}],"curies":[{"name":"wp","href":"https:\/\/api.w.org\/{rel}","templated":true}]}}