{"id":128243,"date":"2025-02-17T14:40:58","date_gmt":"2025-02-17T14:40:58","guid":{"rendered":"https:\/\/colimdo.org\/?p=128243"},"modified":"2025-02-17T14:40:58","modified_gmt":"2025-02-17T14:40:58","slug":"las-aguilas-firman-al-inicialista-agente-libre-aderlin-rodriguez","status":"publish","type":"post","link":"https:\/\/colimdo.org\/noticias\/las-aguilas-firman-al-inicialista-agente-libre-aderlin-rodriguez\/","title":{"rendered":"Las \u00c1guilas firman al inicialista agente libre Aderlin Rodr\u00edguez"},"content":{"rendered":"<p>SANTIAGO.-La gerencia de operaciones de b\u00e9isbol de las \u00c1guilas Cibae\u00f1as anuncia que el estelar inicialista Aderl\u00edn Rodr\u00edguez firm\u00f3 un contrato para permanecer con la organizaci\u00f3n.<\/p>\n<p>Rodr\u00edguez viene de ser el Jugador M\u00e1s Valioso de la temporada 2024-25 de LIDOM, luego de promediar .323\/.375\/.581, con ocho cuadrangulares y 28 carreras remolcadas en su primera estaci\u00f3n con el uniforme aguilucho.<\/p>\n<p>El jugador de 33 a\u00f1os fue adquirido desde los Leones del Escogido junto a Eddys Leonard el pasado 21 de febrero.<br \/>\nRodr\u00edguez se integr\u00f3 a la alineaci\u00f3n titular el 6 de noviembre y no par\u00f3 de batear durante el resto de la serie regular, logrando sus excelentes n\u00fameros en apenas 35 partidos.<\/p>\n<p>Ren\u00e9 Francisco VP de Operaciones de b\u00e9isbol y Gian Guzm\u00e1n, gerente general aguilucho, manifestaron su satisfacci\u00f3n con la decisi\u00f3n de Rodr\u00edguez, a quien definieron como una pieza fundamental en el ataque aguilucho.<\/p>\n<p>&nbsp;<\/p>\n","protected":false},"excerpt":{"rendered":"<p>SANTIAGO.-La gerencia de operaciones de b\u00e9isbol de las \u00c1guilas Cibae\u00f1as anuncia que el estelar inicialista Aderl\u00edn Rodr\u00edguez firm\u00f3 un contrato para permanecer con la organizaci\u00f3n. Rodr\u00edguez viene de ser el Jugador M\u00e1s Valioso de la temporada 2024-25 de LIDOM, luego de promediar .323\/.375\/.581, con ocho cuadrangulares y 28 carreras remolcadas en su primera estaci\u00f3n con [&hellip;]<\/p>\n","protected":false},"author":13,"featured_media":128244,"comment_status":"closed","ping_status":"closed","sticky":false,"template":"","format":"standard","meta":[],"categories":[2,4,60],"tags":[24679],"acf":[],"_links":{"self":[{"href":"https:\/\/colimdo.org\/wp-api\/wp\/v2\/posts\/128243"}],"collection":[{"href":"https:\/\/colimdo.org\/wp-api\/wp\/v2\/posts"}],"about":[{"href":"https:\/\/colimdo.org\/wp-api\/wp\/v2\/types\/post"}],"author":[{"embeddable":true,"href":"https:\/\/colimdo.org\/wp-api\/wp\/v2\/users\/13"}],"replies":[{"embeddable":true,"href":"https:\/\/colimdo.org\/wp-api\/wp\/v2\/comments?post=128243"}],"version-history":[{"count":1,"href":"https:\/\/colimdo.org\/wp-api\/wp\/v2\/posts\/128243\/revisions"}],"predecessor-version":[{"id":128245,"href":"https:\/\/colimdo.org\/wp-api\/wp\/v2\/posts\/128243\/revisions\/128245"}],"wp:featuredmedia":[{"embeddable":true,"href":"https:\/\/colimdo.org\/wp-api\/wp\/v2\/media\/128244"}],"wp:attachment":[{"href":"https:\/\/colimdo.org\/wp-api\/wp\/v2\/media?parent=128243"}],"wp:term":[{"taxonomy":"category","embeddable":true,"href":"https:\/\/colimdo.org\/wp-api\/wp\/v2\/categories?post=128243"},{"taxonomy":"post_tag","embeddable":true,"href":"https:\/\/colimdo.org\/wp-api\/wp\/v2\/tags?post=128243"}],"curies":[{"name":"wp","href":"https:\/\/api.w.org\/{rel}","templated":true}]}}