{"id":128339,"date":"2025-02-21T01:20:59","date_gmt":"2025-02-21T01:20:59","guid":{"rendered":"https:\/\/colimdo.org\/?p=128339"},"modified":"2025-02-21T01:20:59","modified_gmt":"2025-02-21T01:20:59","slug":"che-escoge-los-12-jugadores-en-partido-ante-canada-americup","status":"publish","type":"post","link":"https:\/\/colimdo.org\/noticias\/che-escoge-los-12-jugadores-en-partido-ante-canada-americup\/","title":{"rendered":"Che escoge los 12 jugadores en partido ante Canad\u00e1 AmeriCup"},"content":{"rendered":"<p>SANTO DOMINGO.- El dirigente Nestor -Che- Garc\u00eda dio a conocer este jueves los 12 jugadores que integrar\u00e1n el equipo nacional de baloncesto de mayores para enfrentar a Canad\u00e1 en la Tercera Ventana Clasificatoria al AmeriCup.<\/p>\n<p>Garc\u00eda agot\u00f3 todo un proceso de casi dos semanas de entrenamientos hasta elegir los 12 \u201cpatriotas\u201d que chocar\u00e1n este viernes 21 de febrero contra Canad\u00e1, a las 8:10 de la noche, y un segundo partido que ser\u00e1 el lunes 24 ante Nicaragua, a las 9:00 de la noche.<\/p>\n<p>Los dos choques ser\u00e1n en el Pabell\u00f3n de Voleibol Ricardo -Gioriver- Arias del Centro Ol\u00edmpico Juan Pablo Duarte, en la ciudad de Santo Domingo.<\/p>\n<p>El capit\u00e1n Victor Liz encabeza la lista del plantel quisqueyano que adem\u00e1s tiene a Eloy Vargas, Gelvis Solano, Andr\u00e9s Feliz, LJ Figueroa, Jean Montero, \u00c1ngel Luis Delgado, Jassel P\u00e9rez, David Jones, Joel Soriano, Jhery Matos y Juan Miguel Suero.<\/p>\n<p>Jones, Soriano y Matos vestir\u00e1n por primera vez la franela tricolor en la selecci\u00f3n de mayores, y los tres provienen del Proyecto de Selecciones Nacionales de Categor\u00edas Formativas de la Federaci\u00f3n Dominicana de Baloncesto (Fedombal).<\/p>\n<p>De ese proyecto nacieron tambi\u00e9n Andr\u00e9s Feliz y Jean Montero y hoy son figuras preponderantes en el combinado dominicano.<\/p>\n<p>Todos los entrenamientos del equipo se realizaron en la Cancha de Entrenamiento de Fedombal en el Centro Ol\u00edmpico, a excepci\u00f3n de este jueves que se hizo en el Gioriver Arias.<\/p>\n<p>Ambos conjuntos forman parte del grupo C en la tercera y \u00faltima Ventana Clasificatoria al AmeriCup que tiene al clasificado equipo de Canad\u00e1 como l\u00edder con 4-0, Rep\u00fablica Dominicana y M\u00e9xico, con 2-2, y Nicaragua (0-4), es sede oficial y ya est\u00e1 anclado, quedando una plaza disponible a disputar entre dominicanos y azteca.<\/p>\n<p>El AmeriCup 2025 se celebrar\u00e1 del 23 al 31 de agosto en el polideportivo Alexis Arg\u00fcello de la ciudad de Managua, en Nicaragua.<\/p>\n<p>Che Garc\u00eda y el gerente general \u00a0de la selecci\u00f3n, Junior Paez, coincidieron en que se eligi\u00f3 el mejor personal disponible para medirse a Canad\u00e1 y as\u00ed el pueblo dominicano pueda disfrutar de una victoria que se saldr\u00e1 a buscar a toda costa.<\/p>\n","protected":false},"excerpt":{"rendered":"<p>SANTO DOMINGO.- El dirigente Nestor -Che- Garc\u00eda dio a conocer este jueves los 12 jugadores que integrar\u00e1n el equipo nacional de baloncesto de mayores para enfrentar a Canad\u00e1 en la Tercera Ventana Clasificatoria al AmeriCup. Garc\u00eda agot\u00f3 todo un proceso de casi dos semanas de entrenamientos hasta elegir los 12 \u201cpatriotas\u201d que chocar\u00e1n este viernes [&hellip;]<\/p>\n","protected":false},"author":13,"featured_media":128340,"comment_status":"closed","ping_status":"closed","sticky":false,"template":"","format":"standard","meta":[],"categories":[3,2,60],"tags":[24795],"acf":[],"_links":{"self":[{"href":"https:\/\/colimdo.org\/wp-api\/wp\/v2\/posts\/128339"}],"collection":[{"href":"https:\/\/colimdo.org\/wp-api\/wp\/v2\/posts"}],"about":[{"href":"https:\/\/colimdo.org\/wp-api\/wp\/v2\/types\/post"}],"author":[{"embeddable":true,"href":"https:\/\/colimdo.org\/wp-api\/wp\/v2\/users\/13"}],"replies":[{"embeddable":true,"href":"https:\/\/colimdo.org\/wp-api\/wp\/v2\/comments?post=128339"}],"version-history":[{"count":1,"href":"https:\/\/colimdo.org\/wp-api\/wp\/v2\/posts\/128339\/revisions"}],"predecessor-version":[{"id":128341,"href":"https:\/\/colimdo.org\/wp-api\/wp\/v2\/posts\/128339\/revisions\/128341"}],"wp:featuredmedia":[{"embeddable":true,"href":"https:\/\/colimdo.org\/wp-api\/wp\/v2\/media\/128340"}],"wp:attachment":[{"href":"https:\/\/colimdo.org\/wp-api\/wp\/v2\/media?parent=128339"}],"wp:term":[{"taxonomy":"category","embeddable":true,"href":"https:\/\/colimdo.org\/wp-api\/wp\/v2\/categories?post=128339"},{"taxonomy":"post_tag","embeddable":true,"href":"https:\/\/colimdo.org\/wp-api\/wp\/v2\/tags?post=128339"}],"curies":[{"name":"wp","href":"https:\/\/api.w.org\/{rel}","templated":true}]}}