{"id":128409,"date":"2025-02-25T17:51:02","date_gmt":"2025-02-25T17:51:02","guid":{"rendered":"https:\/\/colimdo.org\/?p=128409"},"modified":"2025-02-25T17:51:02","modified_gmt":"2025-02-25T17:51:02","slug":"pimentel-vence-a-villa-riva-en-torneo-basket-intermunicipal-u22","status":"publish","type":"post","link":"https:\/\/colimdo.org\/sin-categoria\/pimentel-vence-a-villa-riva-en-torneo-basket-intermunicipal-u22\/","title":{"rendered":"Pimentel\u00a0 vence a Villa Riva en torneo basket intermunicipal U22"},"content":{"rendered":"<p>El quinteto de Pimentel se meti\u00f3 en la lucha por clasificaci\u00f3n del torneo de baloncesto intermunicipal U22 masculino dedicado al profesor C\u00e9sar de Jes\u00fas en opci\u00f3n a la copa Cooperativa San Rafael tras vencer al municipio de Villa Riva con apretado marcador 41-37.<\/p>\n<p>El equipo blanco y negro\u00a0 de Pimentel logr\u00f3 su segunda victoria \u00a0al hilo para colocar su record en dos victorias y dos derrotas mientras que Villa Rivas con\u00a0 su derrota puso su foja en 2-2.<\/p>\n<p>La primera mitad fue dominada 17-16 por el municipio de Villa Riva con una labor combinada de Jorge Santos y Diego Castillo.<\/p>\n<p>Tres lances libres de cuatro otorgado a Yuniel Fr\u00edas rompieron un empate a 37 puntos que le dio la victoria al equipo de Pimentel en partido celebrado ante una gran asistencia en el polideportivo \u00a0de Pimentel.<\/p>\n<p>Junjel \u00a0Fr\u00edas fue el mejor encestador por los Pimentelenses\u00a0 con 13 puntos y 11 rebotes siendo escoltado de F\u00e9lix N\u00fa\u00f1ez con 7 puntos y 2 rebotes y Andrew Aquino y Juan Miguel Acosta con 6 y 5 puntos respectivamente.<\/p>\n<p>Por el equipo de Villa Riva los m\u00e1s destacados fueron el vers\u00e1til Jorge Santos con 18 puntos y 2 rebotes, y Edarlin Payano y Diego Castillo con 5 puntos cada uno.<\/p>\n<p>Luego de la actividad de ayer el standing lo encabeza el municipio de Arenoso con foja de 3-1, Villa Riva y Piimentel tienen 2-2, Castillo tiene 2-3, Las Guaranas tiene 2-1 y Hostos sin posibilidades de avanzar con 1-4.<\/p>\n<p>La justa es dirigida t\u00e9cnicamente por el ingeniero Alejandro Bret\u00f3n\u00a0 y es organizada con motivo al d\u00e9cimo noveno \u00a0\u00a0aniversario de la fundaci\u00f3n del Peri\u00f3dico\u00a0 El Regional.<\/p>\n<p>&nbsp;<\/p>\n<p>&nbsp;<\/p>\n","protected":false},"excerpt":{"rendered":"<p>El quinteto de Pimentel se meti\u00f3 en la lucha por clasificaci\u00f3n del torneo de baloncesto intermunicipal U22 masculino dedicado al profesor C\u00e9sar de Jes\u00fas en opci\u00f3n a la copa Cooperativa San Rafael tras vencer al municipio de Villa Riva con apretado marcador 41-37. El equipo blanco y negro\u00a0 de Pimentel logr\u00f3 su segunda victoria \u00a0al [&hellip;]<\/p>\n","protected":false},"author":13,"featured_media":128410,"comment_status":"closed","ping_status":"closed","sticky":false,"template":"","format":"standard","meta":[],"categories":[1],"tags":[24795],"acf":[],"_links":{"self":[{"href":"https:\/\/colimdo.org\/wp-api\/wp\/v2\/posts\/128409"}],"collection":[{"href":"https:\/\/colimdo.org\/wp-api\/wp\/v2\/posts"}],"about":[{"href":"https:\/\/colimdo.org\/wp-api\/wp\/v2\/types\/post"}],"author":[{"embeddable":true,"href":"https:\/\/colimdo.org\/wp-api\/wp\/v2\/users\/13"}],"replies":[{"embeddable":true,"href":"https:\/\/colimdo.org\/wp-api\/wp\/v2\/comments?post=128409"}],"version-history":[{"count":1,"href":"https:\/\/colimdo.org\/wp-api\/wp\/v2\/posts\/128409\/revisions"}],"predecessor-version":[{"id":128411,"href":"https:\/\/colimdo.org\/wp-api\/wp\/v2\/posts\/128409\/revisions\/128411"}],"wp:featuredmedia":[{"embeddable":true,"href":"https:\/\/colimdo.org\/wp-api\/wp\/v2\/media\/128410"}],"wp:attachment":[{"href":"https:\/\/colimdo.org\/wp-api\/wp\/v2\/media?parent=128409"}],"wp:term":[{"taxonomy":"category","embeddable":true,"href":"https:\/\/colimdo.org\/wp-api\/wp\/v2\/categories?post=128409"},{"taxonomy":"post_tag","embeddable":true,"href":"https:\/\/colimdo.org\/wp-api\/wp\/v2\/tags?post=128409"}],"curies":[{"name":"wp","href":"https:\/\/api.w.org\/{rel}","templated":true}]}}