{"id":128436,"date":"2025-02-26T15:07:49","date_gmt":"2025-02-26T15:07:49","guid":{"rendered":"https:\/\/colimdo.org\/?p=128436"},"modified":"2025-02-26T15:08:22","modified_gmt":"2025-02-26T15:08:22","slug":"mived-presenta-propuesta-urbanistica-del-centro-olimpico","status":"publish","type":"post","link":"https:\/\/colimdo.org\/noticias\/mived-presenta-propuesta-urbanistica-del-centro-olimpico\/","title":{"rendered":"MIVED presenta Propuesta Urban\u00edstica del Centro Ol\u00edmpico"},"content":{"rendered":"<p><strong>Santo Domingo<\/strong>. El Ministerio de Vivienda y Edificaciones (MIVED) present\u00f3 su propuesta urban\u00edstica para la remodelaci\u00f3n del Centro Ol\u00edmpico Juan Pablo Duarte ante el Comit\u00e9 Organizador de los XXV Juegos Centroamericanos y del Caribe Santo Domingo 2026 y a los presidentes de las federaciones deportivas.<\/p>\n<p>El encuentro, encabezado por el ministro Carlos Bonilla, tuvo como objetivo exponer los detalles del proyecto de remozamiento y reconstrucci\u00f3n, y recibir sugerencias de los federados. Durante la reuni\u00f3n, Bonilla destac\u00f3 la importancia de la participaci\u00f3n de los representantes deportivos en el proceso de planificaci\u00f3n.<\/p>\n<p>\u201cAprovechamos la oportunidad para invitar a todos los federados que hacen vida en las instalaciones que vamos a remozar con miras a los Juegos Centroamericanos y del Caribe Santo Domingo 2026. Les presentamos el proyecto del Centro Ol\u00edmpico, las reformas planificadas y los planes a futuro. Fue una reuni\u00f3n muy fruct\u00edfera donde compartimos ideas y seguiremos manteniendo este contacto con los federados, ya que son quienes mejor conocen c\u00f3mo se deber\u00eda utilizar el Centro Ol\u00edmpico\u201d, expres\u00f3 el ministro.<\/p>\n<p>Por su parte, el presidente del Comit\u00e9 Organizador de los Juegos Centroamericanos y del Caribe Santo Domingo 2026, el periodista Jos\u00e9 Monegro, destac\u00f3 la calidad y visi\u00f3n del proyecto presentado.<\/p>\n<p>\u201cQuedamos impresionados por la calidad del dise\u00f1o y la visi\u00f3n de este proyecto urban\u00edstico. Se hicieron algunas observaciones que podr\u00edan ser tomadas en cuenta, pero, en t\u00e9rminos generales, la ciudad de Santo Domingo podr\u00e1 disfrutar de un espacio renovado e integrado a la ciudad. M\u00e1s que un Centro Ol\u00edmpico, podr\u00edamos considerarlo como la extensi\u00f3n de una Ciudad Ol\u00edmpica\u201d, afirm\u00f3 Monegro.<\/p>\n<p>Asimismo, el presidente del Comit\u00e9 Ol\u00edmpico Dominicano (COD), Garibaldy Bautista, manifest\u00f3 su satisfacci\u00f3n con la presentaci\u00f3n del proyecto liderado por el arquitecto Daniel Pons, responsable del dise\u00f1o y planificaci\u00f3n.<\/p>\n<p>\u201cEstamos muy satisfechos con la propuesta del arquitecto Pons sobre la remodelaci\u00f3n del Centro Ol\u00edmpico Juan Pablo Duarte. Se han contemplado aspectos clave para la modernizaci\u00f3n de la instalaci\u00f3n y realizamos algunas recomendaciones, especialmente sobre la verja perimetral. Nuestra actitud fue bien recibida y esperamos que este proyecto se haga realidad, beneficiando a todos los usuarios del Centro Ol\u00edmpico y a la ciudad de Santo Domingo\u201d, se\u00f1al\u00f3 Bautista.<\/p>\n<p>Detalles del Proyecto Urban\u00edstico<\/p>\n<p>Con esta iniciativa, el Ministerio de Vivienda y Edificaciones reafirma su compromiso con el desarrollo de la infraestructura deportiva del pa\u00eds, asegurando que el Centro Ol\u00edmpico Juan Pablo Duarte est\u00e9 a la altura de los Juegos Centroamericanos y del Caribe Santo Domingo 2026, y que su transformaci\u00f3n beneficie a toda la comunidad deportiva y a la ciudadan\u00eda en general.<\/p>\n<p>Durante la presentaci\u00f3n, el arquitecto Daniel Pons explic\u00f3 los trabajos que se llevar\u00e1n a cabo y respondi\u00f3 preguntas e inquietudes de los representantes de las diferentes federaciones deportivas.<\/p>\n<p>El encuentro, realizado en el auditorio del MIVED, cont\u00f3 con la participaci\u00f3n de los presidentes de las siguientes federaciones:<\/p>\n<p>&nbsp;<\/p>\n<p>S\u00f3ftbol &#8211; Garibaldy Bautista (presidente del COD)<\/p>\n<p>Ajedrez &#8211; Willy Gonz\u00e1lez<\/p>\n<p>Atletismo &#8211; Alexis Peguero<\/p>\n<p>B\u00e1dminton &#8211; Nelson Javier Ozuna<\/p>\n<p>Boxeo &#8211; Rub\u00e9n Garc\u00eda<\/p>\n<p>F\u00fatbol &#8211; Jos\u00e9 Francisco Deschamps<\/p>\n<p>Judo &#8211; Gilberto Garc\u00eda<\/p>\n<p>Karate &#8211; Jos\u00e9 Luis Ram\u00edrez<\/p>\n<p>Lucha &#8211; Antonio Acosta<\/p>\n<p>Nataci\u00f3n &#8211; Radham\u00e9sTavarez<\/p>\n<p>Patinaje &#8211; Augusto Rafael Arias<\/p>\n<p>Rugby &#8211; Rafael Sori<\/p>\n<p>Taekwondo &#8211; Miguel Camacho<\/p>\n<p>Tenis de Campo &#8211; Persio Maldonado<\/p>\n<p>Tenis de Mesa &#8211; Gary Hern\u00e1ndez<\/p>\n<p>Triatl\u00f3n &#8211; Franklin de la Cruz<\/p>\n<p>Wushu &#8211; Luis Chanlatte (secretario del COD)<\/p>\n<p>Tambi\u00e9n estuvieron presentes miembros del Comit\u00e9 Organizador de los Juegos, entre ellos C\u00e9sar Heredia, Crist\u00f3bal Marte y Thomas Polanco.<\/p>\n","protected":false},"excerpt":{"rendered":"<p>Santo Domingo. El Ministerio de Vivienda y Edificaciones (MIVED) present\u00f3 su propuesta urban\u00edstica para la remodelaci\u00f3n del Centro Ol\u00edmpico Juan Pablo Duarte ante el Comit\u00e9 Organizador de los XXV Juegos Centroamericanos y del Caribe Santo Domingo 2026 y a los presidentes de las federaciones deportivas. El encuentro, encabezado por el ministro Carlos Bonilla, tuvo como [&hellip;]<\/p>\n","protected":false},"author":13,"featured_media":128437,"comment_status":"closed","ping_status":"closed","sticky":false,"template":"","format":"standard","meta":[],"categories":[83143,2,60],"tags":[100710],"acf":[],"_links":{"self":[{"href":"https:\/\/colimdo.org\/wp-api\/wp\/v2\/posts\/128436"}],"collection":[{"href":"https:\/\/colimdo.org\/wp-api\/wp\/v2\/posts"}],"about":[{"href":"https:\/\/colimdo.org\/wp-api\/wp\/v2\/types\/post"}],"author":[{"embeddable":true,"href":"https:\/\/colimdo.org\/wp-api\/wp\/v2\/users\/13"}],"replies":[{"embeddable":true,"href":"https:\/\/colimdo.org\/wp-api\/wp\/v2\/comments?post=128436"}],"version-history":[{"count":1,"href":"https:\/\/colimdo.org\/wp-api\/wp\/v2\/posts\/128436\/revisions"}],"predecessor-version":[{"id":128438,"href":"https:\/\/colimdo.org\/wp-api\/wp\/v2\/posts\/128436\/revisions\/128438"}],"wp:featuredmedia":[{"embeddable":true,"href":"https:\/\/colimdo.org\/wp-api\/wp\/v2\/media\/128437"}],"wp:attachment":[{"href":"https:\/\/colimdo.org\/wp-api\/wp\/v2\/media?parent=128436"}],"wp:term":[{"taxonomy":"category","embeddable":true,"href":"https:\/\/colimdo.org\/wp-api\/wp\/v2\/categories?post=128436"},{"taxonomy":"post_tag","embeddable":true,"href":"https:\/\/colimdo.org\/wp-api\/wp\/v2\/tags?post=128436"}],"curies":[{"name":"wp","href":"https:\/\/api.w.org\/{rel}","templated":true}]}}