{"id":128476,"date":"2025-02-28T19:40:54","date_gmt":"2025-02-28T19:40:54","guid":{"rendered":"https:\/\/colimdo.org\/?p=128476"},"modified":"2025-02-28T19:40:54","modified_gmt":"2025-02-28T19:40:54","slug":"derrick-chavarria-gano-la-quinta-etapa-de-la-vuelta-ciclistica","status":"publish","type":"post","link":"https:\/\/colimdo.org\/noticias\/derrick-chavarria-gano-la-quinta-etapa-de-la-vuelta-ciclistica\/","title":{"rendered":"Derrick Chavarr\u00eda gan\u00f3 la quinta etapa de la Vuelta Cicl\u00edstica"},"content":{"rendered":"<p><strong>Santo Domingo<\/strong>.- Derrick Chavarr\u00eda apel\u00f3 a su resistencia f\u00edsica y con un fuerte cierre se anot\u00f3 la larga quinta etapa de la Vuelta Ciclista Independencia Nacional, la cual\u00a0 parti\u00f3 este viernes desde la sede del Ministerio de Deportes y Recreaci\u00f3n (Miderec).<\/p>\n<p>El recorrido de 147 kil\u00f3metros comprendio la ruta Santo Domingo-San Pedro de Macoris- Circunvalaci\u00f3n-El Higuero.<\/p>\n<p>Chavarr\u00eda, nativo de B\u00e9lize y quien compite para el equipo Phoenix Internat, pedale\u00f3 con cuerpo y alma durante 3 horas, 23 minutos y 22 segundos.<\/p>\n<p>Justo detr\u00e1s de Chavarria entraron a la meta Emilio P\u00e9rez (City Bike Miami), Anderson Aracena (Varrazano-Santiago),\u00a0 Eric Snyder (Pegasus Premier), Lisander Garc\u00eda (F\u00e9nix), y Federico Morales (Esparza Training), mientras que un amplio pelot\u00f3 lleg\u00f3 a 1:13 minutos.<\/p>\n<p>En Miderec se realiz\u00f3 una ceremonia de imposici\u00f3n de camisetas a los l\u00edderes de cada rengl\u00f3n a cargo de funcionarios de la cartera y el viceministro administrativo Franklin de la Mota dio el banderazo de salida y el discurso de exhortaci\u00f3n, en el que resalt\u00f3 el apoyo por parte del ministro de Deportes, Kelvin Cruz, al tradicional giro dominicano.<\/p>\n<p>Jorge Blas D\u00edaz, titular de la Federaci\u00f3n Dominicana de Ciclismo (Fedoci) agradeci\u00f3 dicho apoyo.<\/p>\n<p>La versi\u00f3n 46 de la Vuelta Cicl\u00edstica Independencia Nacional se corre a siete etapas y cuenta con 136 pedalistas que representan a 13 equipos del exterior y 10 dominicanos.<\/p>\n<p>Tras la quinta ronda, Oscar Sevilla, del Team Medellin, domina la individual general con crono acumulado de 13 horas 53 minutos y 28 segundos. Yesid Pira (Inteja Imca) lo sigue a 16 segundos; Wilmar Paredes (Team Medellin) a 28 segundos y David Hoyos, del Prestige Cycling, Puerto Rico, marca la cuarta\u00a0 posici\u00f3n a 31.<\/p>\n<p>Ruddy Germoso (Verrazano-Santiago) se apuntala como el mejor entre los quisqueyanos con tiempo de 14:00.25 horas; seguido por Diego Milla\u0301n (Inteja\/IMCA), 14:01.27 horas; Danielki Ceden\u0303o (Team La Romana) y Luis Miguel Fe\u0301liz (Bara Bike), ambos con 14:01.25.<\/p>\n<p>Santiago Cardona (Hy F Sport Wear) es el mejor sub-23 de la justa con 14:01.07, seguido por Chavarria a 27 segundos.<\/p>\n<p>Alberto Ramos (El Boro) es el.l\u00edder de regularidad con 44 puntos. Yesid Pira comanda la monta\u00f1a con 38 tantos y Aracena las metas volantes con 15.<\/p>\n<p>Este s\u00e1bado, se corre la pen\u00faltima etapa con la ruta Santo Domingo-Circunvalaci\u00f3n-El Higuero y el cierre del domingo ser\u00e1 un circuito cerrado en el Expreso Quinto Centenario.<\/p>\n","protected":false},"excerpt":{"rendered":"<p>Santo Domingo.- Derrick Chavarr\u00eda apel\u00f3 a su resistencia f\u00edsica y con un fuerte cierre se anot\u00f3 la larga quinta etapa de la Vuelta Ciclista Independencia Nacional, la cual\u00a0 parti\u00f3 este viernes desde la sede del Ministerio de Deportes y Recreaci\u00f3n (Miderec). El recorrido de 147 kil\u00f3metros comprendio la ruta Santo Domingo-San Pedro de Macoris- Circunvalaci\u00f3n-El [&hellip;]<\/p>\n","protected":false},"author":13,"featured_media":128477,"comment_status":"closed","ping_status":"closed","sticky":false,"template":"","format":"standard","meta":[],"categories":[83143,2,60],"tags":[80256],"acf":[],"_links":{"self":[{"href":"https:\/\/colimdo.org\/wp-api\/wp\/v2\/posts\/128476"}],"collection":[{"href":"https:\/\/colimdo.org\/wp-api\/wp\/v2\/posts"}],"about":[{"href":"https:\/\/colimdo.org\/wp-api\/wp\/v2\/types\/post"}],"author":[{"embeddable":true,"href":"https:\/\/colimdo.org\/wp-api\/wp\/v2\/users\/13"}],"replies":[{"embeddable":true,"href":"https:\/\/colimdo.org\/wp-api\/wp\/v2\/comments?post=128476"}],"version-history":[{"count":1,"href":"https:\/\/colimdo.org\/wp-api\/wp\/v2\/posts\/128476\/revisions"}],"predecessor-version":[{"id":128478,"href":"https:\/\/colimdo.org\/wp-api\/wp\/v2\/posts\/128476\/revisions\/128478"}],"wp:featuredmedia":[{"embeddable":true,"href":"https:\/\/colimdo.org\/wp-api\/wp\/v2\/media\/128477"}],"wp:attachment":[{"href":"https:\/\/colimdo.org\/wp-api\/wp\/v2\/media?parent=128476"}],"wp:term":[{"taxonomy":"category","embeddable":true,"href":"https:\/\/colimdo.org\/wp-api\/wp\/v2\/categories?post=128476"},{"taxonomy":"post_tag","embeddable":true,"href":"https:\/\/colimdo.org\/wp-api\/wp\/v2\/tags?post=128476"}],"curies":[{"name":"wp","href":"https:\/\/api.w.org\/{rel}","templated":true}]}}