{"id":128494,"date":"2025-03-02T23:24:26","date_gmt":"2025-03-02T23:24:26","guid":{"rendered":"https:\/\/colimdo.org\/?p=128494"},"modified":"2025-03-02T23:24:26","modified_gmt":"2025-03-02T23:24:26","slug":"persio-maldonado-es-reelecto-como-presidente-de-fedotenis","status":"publish","type":"post","link":"https:\/\/colimdo.org\/noticias\/persio-maldonado-es-reelecto-como-presidente-de-fedotenis\/","title":{"rendered":"Persio Maldonado es reelecto como presidente de Fedotenis"},"content":{"rendered":"<p>SANTO DOMINGO.- Persio Maldonado S\u00e1nchez fue reelecto este s\u00e1bado 28 de febrero como presidente de la Federaci\u00f3n Dominicana de Tenis (Fedotenis), para el cuatrienio 2025-2029, por quinto per\u00edodo consecutivo.<\/p>\n<p>Maldonado, adem\u00e1s de Sergio Tobal, vicepresidente; Rub\u00e9n Tejeda, secretario; Alexis Alc\u00e1ntara, tesorero; y los directores Gustavo G\u00f3mez, Francisco Carela Kareluty, Rafael Laureano Dur\u00e1n, Jos\u00e9 Roberto Mu\u00f1oz, Cristi\u00e1n V\u00e1squez, Rafael Cabral y Samuel de la Cruz, conforman el ejecutivo de Fedotenis.<\/p>\n<p>Maldonado y el comit\u00e9 ejecutivo para el cuatrienio 2025-2029 gan\u00f3 de manera un\u00e1nime el proceso. La plancha \u201cConsolidaci\u00f3n\u201d fue la \u00fanica inscrita para el torneo electoral.<\/p>\n<p>La comisi\u00f3n electoral que dirigi\u00f3 el proceso eleccionario estuvo conformada por Jos\u00e9 Luis Ram\u00edrez, Jos\u00e9 Manuel Ramos y Francisco P\u00e9rez Encarnaci\u00f3n, quienes inmediatamente tomaron el juramento a la plancha ganadora \u201cConsolidaci\u00f3n\u201d.<\/p>\n<p>Don Persio tambi\u00e9n es presidente de la Confederaci\u00f3n de Tenis de Centroam\u00e9rica y el Caribe (Cotecc).<\/p>\n<p>\u201cLa tarea continua para seguir creciendo con las actividades del tenis; para este a\u00f1o tenemos un calendario hist\u00f3rico, m\u00e1s largo\u201d, se\u00f1al\u00f3 Maldonado, quien adelant\u00f3 que para este comit\u00e9 ejecutivo regresa Roberto Mu\u00f1oz como representante de La Vega; Samuel de la Cruz entra por primera vez, al igual que Rafael Cabral.<\/p>\n<p>\u201cEn tenis (Fedotenis) la mayor\u00eda de los miembros tienen tareas espec\u00edficas y esas tareas continuar\u00e1n, otras que surgen de acuerdo a las circunstancias. Sin olvidarnos que estamos en estos momentos con nuestro calendario regular de los torneos nacionales e internacionales, tambi\u00e9n estamos en la fase de la preparaci\u00f3n de los Juegos Centroamericanos y del Caribe, que se van a celebrar en nuestro pa\u00eds en 2026\u201d, detall\u00f3 Maldonado, una vez concluy\u00f3 la asamblea eleccionaria.<\/p>\n<p>Indic\u00f3 que con los Juegos Centroamericanos y del Caribe \u201ceso implica para nosotros m\u00e1s empe\u00f1o por mejorar las instalaciones, proceso en el cual ya iniciamos, preparar nuestros atletas, de que tengan las condiciones de competencias, de alguna manera en tenis debemos preservar y mantener nuestra historia en los Juegos, que en los \u00faltimos a\u00f1os hemos estado en las finales y la hemos ganado, al igual que la Copa de Naciones, pero para eso debemos prepararnos\u201d.<\/p>\n<p>Dijo que este a\u00f1o hay nuevos escenarios para los eventos nacionales e internacionales, adem\u00e1s de los tradicionales en el Parque del Este, en el Centro Nacional de Tenis: \u201cTenemos siete semanas de eventos profesionales en Uvero Alto, tres semanas senior de tenis veteranos destinados al ranking internacional. En Santiago hay dos eventos J30 y estamos trabajando para llevar dos a Sos\u00faa, si se concretiza\u201d.<\/p>\n<p>Argument\u00f3 que estatutariamente, la Fedotenis puede incrementar un 30 por ciento de los miembros del comit\u00e9 ejecutivo \u201cque sean mujeres, entonces cada una de las asociaciones tiene posibilidad de someter una candidata mujer de sus provincias, miramos esos perfiles, y el ejecutivo conoce esas propuestas y elegir un grupo de mujeres, para que de esa manera darle oportunidad al campo femenino para que intervenga en las decisiones del tenis dominicano, hace mucho que los acogimos aqu\u00ed, como se hace en el \u00e1mbito internacional\u201d.<\/p>\n","protected":false},"excerpt":{"rendered":"<p>SANTO DOMINGO.- Persio Maldonado S\u00e1nchez fue reelecto este s\u00e1bado 28 de febrero como presidente de la Federaci\u00f3n Dominicana de Tenis (Fedotenis), para el cuatrienio 2025-2029, por quinto per\u00edodo consecutivo. Maldonado, adem\u00e1s de Sergio Tobal, vicepresidente; Rub\u00e9n Tejeda, secretario; Alexis Alc\u00e1ntara, tesorero; y los directores Gustavo G\u00f3mez, Francisco Carela Kareluty, Rafael Laureano Dur\u00e1n, Jos\u00e9 Roberto Mu\u00f1oz, [&hellip;]<\/p>\n","protected":false},"author":13,"featured_media":128495,"comment_status":"closed","ping_status":"closed","sticky":false,"template":"","format":"standard","meta":[],"categories":[3,2,60],"tags":[79780],"acf":[],"_links":{"self":[{"href":"https:\/\/colimdo.org\/wp-api\/wp\/v2\/posts\/128494"}],"collection":[{"href":"https:\/\/colimdo.org\/wp-api\/wp\/v2\/posts"}],"about":[{"href":"https:\/\/colimdo.org\/wp-api\/wp\/v2\/types\/post"}],"author":[{"embeddable":true,"href":"https:\/\/colimdo.org\/wp-api\/wp\/v2\/users\/13"}],"replies":[{"embeddable":true,"href":"https:\/\/colimdo.org\/wp-api\/wp\/v2\/comments?post=128494"}],"version-history":[{"count":1,"href":"https:\/\/colimdo.org\/wp-api\/wp\/v2\/posts\/128494\/revisions"}],"predecessor-version":[{"id":128496,"href":"https:\/\/colimdo.org\/wp-api\/wp\/v2\/posts\/128494\/revisions\/128496"}],"wp:featuredmedia":[{"embeddable":true,"href":"https:\/\/colimdo.org\/wp-api\/wp\/v2\/media\/128495"}],"wp:attachment":[{"href":"https:\/\/colimdo.org\/wp-api\/wp\/v2\/media?parent=128494"}],"wp:term":[{"taxonomy":"category","embeddable":true,"href":"https:\/\/colimdo.org\/wp-api\/wp\/v2\/categories?post=128494"},{"taxonomy":"post_tag","embeddable":true,"href":"https:\/\/colimdo.org\/wp-api\/wp\/v2\/tags?post=128494"}],"curies":[{"name":"wp","href":"https:\/\/api.w.org\/{rel}","templated":true}]}}