{"id":128569,"date":"2025-03-06T02:44:37","date_gmt":"2025-03-06T02:44:37","guid":{"rendered":"https:\/\/colimdo.org\/?p=128569"},"modified":"2025-03-06T02:44:37","modified_gmt":"2025-03-06T02:44:37","slug":"lnb-2025-arranca-el-6-de-mayo-draft-sera-el-10-de-abril","status":"publish","type":"post","link":"https:\/\/colimdo.org\/noticias\/lnb-2025-arranca-el-6-de-mayo-draft-sera-el-10-de-abril\/","title":{"rendered":"LNB 2025 arranca el 6 de mayo; Draft ser\u00e1 el 10 de abril"},"content":{"rendered":"<p>SANTO DOMINGO.-\u00a0La Liga Nacional de Baloncesto (LNB) dio a conocer las fechas de inicio para las diferentes actividades que tendr\u00e1 el circuito de primera divisi\u00f3n en esta temporada 2025, donde nuevamente se disputar\u00e1 la Copa Banreservas.<\/p>\n<p>Antonio Mir, presidente de la LNB, confirm\u00f3 que lo primero en realizarse ser\u00e1 el \u201cminicamp\u201d, los d\u00edas 5 y 6 de abril. El mismo servir\u00e1 para que las ocho franquicias vean jugadores que podr\u00edan ser seleccionados en el Sorteo de Novatos.<\/p>\n<p>Precisamente el Draft 2025 se har\u00e1 el 10 de abril, mientras que el campeonato 2025 de La S\u00faper Liga de la LNB comenzar\u00e1 el martes 6 de mayo. El Juego de Estrellas tambi\u00e9n tiene su fecha y se realizar\u00e1 el domingo 8 de junio.<\/p>\n<p>Detalles sobre estas y otras actividades que tendr\u00e1 la LNB, incluyendo sorpresas para antes y durante el torneo, ser\u00e1n revelados m\u00e1s adelante.<\/p>\n<p><strong>Se trabaja sin parar<\/strong><\/p>\n<p>Tanto La S\u00faper Liga de la LNB como cada uno de los equipos laboran sin descanso para un torneo que termin\u00f3 por todo lo alto el a\u00f1o pasado, con partidos a casa llena y excelentes audiencias por televisi\u00f3n y por YouTube.<\/p>\n<p>A trav\u00e9s de las redes sociales de la liga\u00a0(@lnbrdoficial) se han estado colocando videos promocionales y de expectativa de cara al torneo.<\/p>\n<p>En cuanto a los equipos, los Metros de Santiago y el Cibao FC de la Liga Dominicana de F\u00fatbol anunciaron una alianza hist\u00f3rica que fortalecer\u00e1 a\u00fan m\u00e1s ambas marcas. Tambi\u00e9n los santiagueros nombraron a Melvyn L\u00f3pez como su dirigente y a C\u00e9sar Saint-Hilaire como gerente general para esta campa\u00f1a.<\/p>\n<p>M\u00e1s temprano, los Reales de La Vega entregaron las riendas al reputado t\u00e9cnico David D\u00edaz. Richi Gonz\u00e1lez seguir\u00e1 al frente de los Ca\u00f1eros del Este, Anderson Cabreja con los Soles de Santo Domingo<\/p>\n<p>Este y el argentino Leandro Hiriart debutar\u00e1 con los Indios de San Francisco de Macor\u00eds.<\/p>\n<p>En La S\u00faper Liga de la LNB tambi\u00e9n participan los actuales campeones Titanes del Distrito Nacional, los Marineros de Puerto Plata y los Leones de Santo Domingo.<\/p>\n","protected":false},"excerpt":{"rendered":"<p>SANTO DOMINGO.-\u00a0La Liga Nacional de Baloncesto (LNB) dio a conocer las fechas de inicio para las diferentes actividades que tendr\u00e1 el circuito de primera divisi\u00f3n en esta temporada 2025, donde nuevamente se disputar\u00e1 la Copa Banreservas. Antonio Mir, presidente de la LNB, confirm\u00f3 que lo primero en realizarse ser\u00e1 el \u201cminicamp\u201d, los d\u00edas 5 y [&hellip;]<\/p>\n","protected":false},"author":13,"featured_media":128570,"comment_status":"closed","ping_status":"closed","sticky":false,"template":"","format":"standard","meta":[],"categories":[83143,2,60],"tags":[79887],"acf":[],"_links":{"self":[{"href":"https:\/\/colimdo.org\/wp-api\/wp\/v2\/posts\/128569"}],"collection":[{"href":"https:\/\/colimdo.org\/wp-api\/wp\/v2\/posts"}],"about":[{"href":"https:\/\/colimdo.org\/wp-api\/wp\/v2\/types\/post"}],"author":[{"embeddable":true,"href":"https:\/\/colimdo.org\/wp-api\/wp\/v2\/users\/13"}],"replies":[{"embeddable":true,"href":"https:\/\/colimdo.org\/wp-api\/wp\/v2\/comments?post=128569"}],"version-history":[{"count":1,"href":"https:\/\/colimdo.org\/wp-api\/wp\/v2\/posts\/128569\/revisions"}],"predecessor-version":[{"id":128571,"href":"https:\/\/colimdo.org\/wp-api\/wp\/v2\/posts\/128569\/revisions\/128571"}],"wp:featuredmedia":[{"embeddable":true,"href":"https:\/\/colimdo.org\/wp-api\/wp\/v2\/media\/128570"}],"wp:attachment":[{"href":"https:\/\/colimdo.org\/wp-api\/wp\/v2\/media?parent=128569"}],"wp:term":[{"taxonomy":"category","embeddable":true,"href":"https:\/\/colimdo.org\/wp-api\/wp\/v2\/categories?post=128569"},{"taxonomy":"post_tag","embeddable":true,"href":"https:\/\/colimdo.org\/wp-api\/wp\/v2\/tags?post=128569"}],"curies":[{"name":"wp","href":"https:\/\/api.w.org\/{rel}","templated":true}]}}