{"id":128612,"date":"2025-03-07T16:43:16","date_gmt":"2025-03-07T16:43:16","guid":{"rendered":"https:\/\/colimdo.org\/?p=128612"},"modified":"2025-03-07T16:43:25","modified_gmt":"2025-03-07T16:43:25","slug":"fundacion-leidi-german-y-academia-karina-diaz-realizan-panel-por-dia-de-la-mujer","status":"publish","type":"post","link":"https:\/\/colimdo.org\/noticias\/fundacion-leidi-german-y-academia-karina-diaz-realizan-panel-por-dia-de-la-mujer\/","title":{"rendered":"Fundaci\u00f3n Leidi Germ\u00e1n y Academia Karina D\u00edaz realizan panel por D\u00eda de la Mujer"},"content":{"rendered":"<p><strong>SANTO DOMINGO<\/strong>. Las ex atletas Leidi Germ\u00e1n y Karina D\u00edaz llevaron a cabo el jueves el panel \u201cAvance Significativo de la Mujer Dominicana\u201d uno de los salones de la plaza\u00a0\u00a0 Ceducompp, de la avenida Gustavo Mej\u00eda Ricart.<\/p>\n<p>Germ\u00e1n, presidenta de la Fundaci\u00f3n Leidi Germ\u00e1n, y D\u00edaz, titular de la Academia de Karate Karina D\u00edaz, coincidieron en se\u00f1alar que el objetivo del panel tuvo como objetivo promover los avances que realiza la mujer en el \u00e1mbito deportivo, de la salud, en lo pol\u00edtico y la comunicaci\u00f3n.<\/p>\n<p>La concurrida actividad, que cont\u00f3 con el apoyo de la Fundaci\u00f3n Leidi Germ\u00e1n, as\u00ed como la Academia de Karate Karina D\u00edaz, se llev\u00f3 a cabo en ocasi\u00f3n de conmemorarse este s\u00e1bado el D\u00eda Internacional de la Mujer.<\/p>\n<p>\u201cLo que perseguimos es orientar a la mujer para que pueda, a trav\u00e9s de la capacitaci\u00f3n, lograr sus prop\u00f3sitos\u201d, manifest\u00f3 Germ\u00e1n, mientras que Karina D\u00edaz agreg\u00f3: \u201cLa mujer puede empoderarse y demostrar que no tiene l\u00edmites, que puede so\u00f1ar y alcanzar sus sue\u00f1os\u201d.<\/p>\n<p>El panel \u201cAvance Significativo de la Mujer Dominicana\u201d cont\u00f3 adem\u00e1s con las expositoras \u00c9rika P\u00e9rez, presidenta del Movimiento Estudiantil (FED); Damelia Zapata, subdirectora de Servicios Comunitarios Sup\u00e9rate, as\u00ed como la doctora Erickson.<\/p>\n<p>Cada una, de manera interactiva, expuso sobre su \u00e1rea como profesional, al tiempo de llevar el mensaje de motivaci\u00f3n\u00a0 para alcanzar los prop\u00f3sitos en la vida.<\/p>\n<p>Las ex deportistas Germ\u00e1n, de judo, y Karina D\u00edaz, de karate, organizaron el panel, al que se dieron cita atletas, el medallista ol\u00edmpico Luisito Pie, as\u00ed como Camil Rodr\u00edguez, ex Reina del Caribe, y Luisa Mart\u00ednez, secretaria general de la Federaci\u00f3n Dominicana de Judo (Fedojudo), entre otros.<\/p>\n","protected":false},"excerpt":{"rendered":"<p>SANTO DOMINGO. Las ex atletas Leidi Germ\u00e1n y Karina D\u00edaz llevaron a cabo el jueves el panel \u201cAvance Significativo de la Mujer Dominicana\u201d uno de los salones de la plaza\u00a0\u00a0 Ceducompp, de la avenida Gustavo Mej\u00eda Ricart. Germ\u00e1n, presidenta de la Fundaci\u00f3n Leidi Germ\u00e1n, y D\u00edaz, titular de la Academia de Karate Karina D\u00edaz, coincidieron [&hellip;]<\/p>\n","protected":false},"author":13,"featured_media":128613,"comment_status":"closed","ping_status":"closed","sticky":false,"template":"","format":"standard","meta":[],"categories":[83143,2,60],"tags":[100715],"acf":[],"_links":{"self":[{"href":"https:\/\/colimdo.org\/wp-api\/wp\/v2\/posts\/128612"}],"collection":[{"href":"https:\/\/colimdo.org\/wp-api\/wp\/v2\/posts"}],"about":[{"href":"https:\/\/colimdo.org\/wp-api\/wp\/v2\/types\/post"}],"author":[{"embeddable":true,"href":"https:\/\/colimdo.org\/wp-api\/wp\/v2\/users\/13"}],"replies":[{"embeddable":true,"href":"https:\/\/colimdo.org\/wp-api\/wp\/v2\/comments?post=128612"}],"version-history":[{"count":1,"href":"https:\/\/colimdo.org\/wp-api\/wp\/v2\/posts\/128612\/revisions"}],"predecessor-version":[{"id":128614,"href":"https:\/\/colimdo.org\/wp-api\/wp\/v2\/posts\/128612\/revisions\/128614"}],"wp:featuredmedia":[{"embeddable":true,"href":"https:\/\/colimdo.org\/wp-api\/wp\/v2\/media\/128613"}],"wp:attachment":[{"href":"https:\/\/colimdo.org\/wp-api\/wp\/v2\/media?parent=128612"}],"wp:term":[{"taxonomy":"category","embeddable":true,"href":"https:\/\/colimdo.org\/wp-api\/wp\/v2\/categories?post=128612"},{"taxonomy":"post_tag","embeddable":true,"href":"https:\/\/colimdo.org\/wp-api\/wp\/v2\/tags?post=128612"}],"curies":[{"name":"wp","href":"https:\/\/api.w.org\/{rel}","templated":true}]}}