{"id":128864,"date":"2025-03-20T00:43:48","date_gmt":"2025-03-20T00:43:48","guid":{"rendered":"https:\/\/colimdo.org\/?p=128864"},"modified":"2025-03-20T00:43:48","modified_gmt":"2025-03-20T00:43:48","slug":"onceno-criollo-jugara-ante-puerto-rico-en-partido-amistoso","status":"publish","type":"post","link":"https:\/\/colimdo.org\/noticias\/onceno-criollo-jugara-ante-puerto-rico-en-partido-amistoso\/","title":{"rendered":"Onceno criollo jugar\u00e1 ante Puerto Rico en partido amistoso"},"content":{"rendered":"<p>Rep\u00fablica Dominicana\u00a0enfrentar\u00e1 a su similar de Puerto Rico este viernes en el Estadio\u00a0Juan Ram\u00f3n\u00a0Loubriel, ubicado en Bayam\u00f3n. El pitazo inicial ser\u00e1 a las 8:00 de la noche -hora de RD-. Ser\u00e1 el primero de dos partidos amistosos entre ambos conjuntos durante la presente Ventana FIFA.<\/p>\n<p>Este ensayo y el del pr\u00f3ximo martes servir\u00e1n para\u00a0afinar piezas y detalles de cara al pr\u00f3ximo mes de junio en el que la Sedof\u00fatbol afrontar\u00e1 los dos partidos restantes de segunda fase de la Clasificatoria de Concacaf Mundial 2026 y la Copa Oro 2025.<\/p>\n<p>La escuadra quisqueyana comenz\u00f3 su concentraci\u00f3n desde el pasado lunes en Santiago De Los Caballeros, donde de a poco se fueron integrando los convocados por Marcelo\u00a0Neveleff\u00a0y su cuerpo t\u00e9cnico.<\/p>\n<p>Edison Azcona y Manny Rodr\u00edguez\u00a0tuvieron que salir de la convocatoria por lesiones sufridas\u00a0durante los partidos de las ligas en las que compiten sus respectivos clubes,\u00a0incidentes que no permitieron que los futbolistas viajaran a RD para estos compromisos.Sus lugares fueron tomados por el defensor\u00a0Alexander Romero\u00a0(O&amp;M FC \u2013 RD)\u00a0y\u00a0el mediocampista\u00a0Omar de La Cruz\u00a0(Cibao FC \u2013 RD).<\/p>\n<p>Este jueves la Sedof\u00fatbol estar\u00e1 viajando a territorio boricua para hacer el reconocimiento del terreno de juego y quedar lista para el compromiso del viernes.<\/p>\n<p>Adem\u00e1s de los futbolistas ya mencionados, el elenco patrio tendr\u00e1 a\u00a0disposici\u00f3n para este desaf\u00edo\u00a0alos\u00a0porteros:\u00a0Xavier Valdez (Nashville SC \u2013 USA), Miguel Lloyd (Cibao FC \u2013 RD) y Pascual Ram\u00edrez (Moca FC \u2013 RD).<\/p>\n<p>Defensores:\u00a0Joao Urb\u00e1ez (CD Legan\u00e9s \u2013 Espa\u00f1a), Ernesto Trinidad (Cibao FC \u2013 RD), Alexander Vidal (Club Atl\u00e9tico Pantoja \u2013 RD), Miguel\u00a0Beltr\u00e9\u00a0(CD Azuqueca \u2013 Espa\u00f1a), Noah\u00a0Dollemayer\u00a0(El Paso\u00a0Locomotive\u00a0\u2013 USA),\u00a0Luiyi\u00a0De Lucas (Nea Salamis \u2013 Chipre)\u00a0y\u00a0Juan Carlos Familia (RKC\u00a0Waalwijk\u00a0\u2013 Holanda).<\/p>\n<p>Mediocampistas:\u00a0Jean Carlos L\u00f3pez (Cibao FC \u2013 RD), \u00c1ngel Montes De Oca (Cibao FC \u2013 RD), Lucas Bret\u00f3n (Rep\u00fablica Dominicana), Isaac B\u00e1ez (O&amp;M FC \u2013 RD)\u00a0yRonaldo V\u00e1squez (Sumqayit\u00a0PFK \u2013 Azerbaiy\u00e1n).<\/p>\n<p>Delanteros:\u00a0Rafael N\u00fa\u00f1ez (FC Cartagena \u2013 Espa\u00f1a),\u00a0Edarlyn\u00a0Reyes (Arsenal Tula \u2013 Rusia), Juan Carlos Pineda (PFC\u00a0Beroe\u00a0\u2013 Bulgaria), Peter Federico Gonz\u00e1lez (Getafe CF \u2013 Espa\u00f1a), Erick Paniagua\u00a0Japa(Umecit\u00a0FC \u2013 Panam\u00e1) y\u00a0Dorny\u00a0Romero (Club Bol\u00edvar \u2013 Bolivia).<\/p>\n<p>Los estelares futbolistas\u00a0J\u00fanior Firpo\u00a0y\u00a0Mariano D\u00edaz\u00a0se unir\u00e1n a la concentraci\u00f3n\u00a0desde el s\u00e1bado y estar\u00e1n disponibles para el duelo del pr\u00f3ximo martes 25 de marzo ante el mismo rival y que se escenificar\u00e1 en el Estadio Cibao FC de Santiago Los Caballeros a partir de las 8:00 PM.<\/p>\n<p>Las boletas para el partido del martes est\u00e1n a la venta en\u00a0<a href=\"http:\/\/uepatickets.com\/\">uepatickets.com<\/a>.<\/p>\n","protected":false},"excerpt":{"rendered":"<p>Rep\u00fablica Dominicana\u00a0enfrentar\u00e1 a su similar de Puerto Rico este viernes en el Estadio\u00a0Juan Ram\u00f3n\u00a0Loubriel, ubicado en Bayam\u00f3n. El pitazo inicial ser\u00e1 a las 8:00 de la noche -hora de RD-. Ser\u00e1 el primero de dos partidos amistosos entre ambos conjuntos durante la presente Ventana FIFA. Este ensayo y el del pr\u00f3ximo martes servir\u00e1n para\u00a0afinar piezas [&hellip;]<\/p>\n","protected":false},"author":13,"featured_media":128865,"comment_status":"closed","ping_status":"closed","sticky":false,"template":"","format":"standard","meta":[],"categories":[3,2,60],"tags":[77],"acf":[],"_links":{"self":[{"href":"https:\/\/colimdo.org\/wp-api\/wp\/v2\/posts\/128864"}],"collection":[{"href":"https:\/\/colimdo.org\/wp-api\/wp\/v2\/posts"}],"about":[{"href":"https:\/\/colimdo.org\/wp-api\/wp\/v2\/types\/post"}],"author":[{"embeddable":true,"href":"https:\/\/colimdo.org\/wp-api\/wp\/v2\/users\/13"}],"replies":[{"embeddable":true,"href":"https:\/\/colimdo.org\/wp-api\/wp\/v2\/comments?post=128864"}],"version-history":[{"count":1,"href":"https:\/\/colimdo.org\/wp-api\/wp\/v2\/posts\/128864\/revisions"}],"predecessor-version":[{"id":128866,"href":"https:\/\/colimdo.org\/wp-api\/wp\/v2\/posts\/128864\/revisions\/128866"}],"wp:featuredmedia":[{"embeddable":true,"href":"https:\/\/colimdo.org\/wp-api\/wp\/v2\/media\/128865"}],"wp:attachment":[{"href":"https:\/\/colimdo.org\/wp-api\/wp\/v2\/media?parent=128864"}],"wp:term":[{"taxonomy":"category","embeddable":true,"href":"https:\/\/colimdo.org\/wp-api\/wp\/v2\/categories?post=128864"},{"taxonomy":"post_tag","embeddable":true,"href":"https:\/\/colimdo.org\/wp-api\/wp\/v2\/tags?post=128864"}],"curies":[{"name":"wp","href":"https:\/\/api.w.org\/{rel}","templated":true}]}}