{"id":128939,"date":"2025-03-23T22:42:54","date_gmt":"2025-03-23T22:42:54","guid":{"rendered":"https:\/\/colimdo.org\/?p=128939"},"modified":"2025-03-23T22:42:54","modified_gmt":"2025-03-23T22:42:54","slug":"grand-prix-ciclismo-el-caballito-rinde-homenaje-a-hector-j-cruz","status":"publish","type":"post","link":"https:\/\/colimdo.org\/noticias\/grand-prix-ciclismo-el-caballito-rinde-homenaje-a-hector-j-cruz\/","title":{"rendered":"Grand Prix Ciclismo El Caballito rinde homenaje a H\u00e9ctor J. Cruz"},"content":{"rendered":"<p><strong>SANTO DOMINGO<\/strong>. El Grand Prix de Ciclismo El Caballito rindi\u00f3 un emotivo reconocimiento a la trayectoria del veterano periodista H\u00e9ctor J. Cruz en el banderazo de salida este domingo de la competencia celebrada en el V Centenario.<\/p>\n<p>Unos 300 pedalistas de 40 clubes del Distrito Nacional y asociaciones provinciales se desplazaron por el Expreso Quinto Centenario de la ciudad capital.<\/p>\n<p>Emilio Valdez (El Caballito) es el organizador del evento que se corre en las categor\u00edas \u00e9lite, juvenil, pre-juvenil, master A, B y C, y recreativa, en masculino y femenino. Los ganadores recibir\u00e1n importantes premios met\u00e1licos.<\/p>\n<p>Valdez encabez\u00f3 el reconocimiento a Cruz, inmortal del deporte dominicano y quien ide\u00f3 la Vuelta Cicl\u00edstica Independencia Nacional. \u201cH\u00e9ctor nos honra al aceptar este humilde homenaje porque sus aportes al ciclismo y al deporte son grandes y han contribuido al desarrollo de la juventud dominicana\u201d, apunt\u00f3.<\/p>\n<p>De su lado, Cruz agradeci\u00f3 el gesto de El Caballito. \u201cSiempre estamos en disposici\u00f3n de colaborar con las buenas causas del deporte\u201d, manifest\u00f3 el editor deportivo de List\u00edn Diario, antes de dar el banderazo de salida.<\/p>\n<p>Estuvo acompa\u00f1ado de su esposa\u00a0 Margarita Demorizi de Cruz y los\u00a0 colegas Gustavo Rodr\u00edguez y Leo Corpor\u00e1n, entre otros amigos.<\/p>\n<p>La justa tiene apoyo y aval de la Federaci\u00f3n Dominicana de Ciclismo y la Asociaci\u00f3n de Ciclismo del Distrito Nacional.<\/p>\n<p>Cruz inici\u00f3 su dilatada carrera period\u00edstica en octubre de 1972, en el diario El Nacional.<\/p>\n<p>Ha sido uno de los m\u00e1s prol\u00edficos productores bibliogr\u00e1ficos del deporte nacional, con una veintena de libros sobre la historia del deporte, as\u00ed como biograf\u00edas de los mejores peloteros criollos.<\/p>\n<p>En los \u00faltimos a\u00f1os, ha incursionado con \u00e9xito en la producci\u00f3n f\u00edlmica de documentales y pel\u00edculas sobre el \u00e1rea deportiva.<\/p>\n<p>En su larga faena en los medios de comunicaci\u00f3n, Cruz ha sido editor deportivo de los diarios El Nacional (1973-75), Revista Ahora (1976-77), El Sol (1975-78), Ultima Hora (1987-98) y List\u00edn Diario (2005-actual). Adem\u00e1s, sub-editor deportivo del peri\u00f3dico Hoy (1981- 87); por igual, columnista de \u00daltima Hora (1998-2001) y List\u00edn Diario (2001-2005).<\/p>\n<p>Ha escrito libros, revistas, anuarios, documentales y productor-conductor de programas de TV. Entre estos, \u2018La Hora del Deporte&#8217; y \u2018La Semana Deportiva\u2019.<\/p>\n<p>&nbsp;<\/p>\n<p>&nbsp;<\/p>\n<p>&nbsp;<\/p>\n","protected":false},"excerpt":{"rendered":"<p>SANTO DOMINGO. El Grand Prix de Ciclismo El Caballito rindi\u00f3 un emotivo reconocimiento a la trayectoria del veterano periodista H\u00e9ctor J. Cruz en el banderazo de salida este domingo de la competencia celebrada en el V Centenario. Unos 300 pedalistas de 40 clubes del Distrito Nacional y asociaciones provinciales se desplazaron por el Expreso Quinto [&hellip;]<\/p>\n","protected":false},"author":13,"featured_media":128940,"comment_status":"closed","ping_status":"closed","sticky":false,"template":"","format":"standard","meta":[],"categories":[83143,2,60],"tags":[80256],"acf":[],"_links":{"self":[{"href":"https:\/\/colimdo.org\/wp-api\/wp\/v2\/posts\/128939"}],"collection":[{"href":"https:\/\/colimdo.org\/wp-api\/wp\/v2\/posts"}],"about":[{"href":"https:\/\/colimdo.org\/wp-api\/wp\/v2\/types\/post"}],"author":[{"embeddable":true,"href":"https:\/\/colimdo.org\/wp-api\/wp\/v2\/users\/13"}],"replies":[{"embeddable":true,"href":"https:\/\/colimdo.org\/wp-api\/wp\/v2\/comments?post=128939"}],"version-history":[{"count":1,"href":"https:\/\/colimdo.org\/wp-api\/wp\/v2\/posts\/128939\/revisions"}],"predecessor-version":[{"id":128941,"href":"https:\/\/colimdo.org\/wp-api\/wp\/v2\/posts\/128939\/revisions\/128941"}],"wp:featuredmedia":[{"embeddable":true,"href":"https:\/\/colimdo.org\/wp-api\/wp\/v2\/media\/128940"}],"wp:attachment":[{"href":"https:\/\/colimdo.org\/wp-api\/wp\/v2\/media?parent=128939"}],"wp:term":[{"taxonomy":"category","embeddable":true,"href":"https:\/\/colimdo.org\/wp-api\/wp\/v2\/categories?post=128939"},{"taxonomy":"post_tag","embeddable":true,"href":"https:\/\/colimdo.org\/wp-api\/wp\/v2\/tags?post=128939"}],"curies":[{"name":"wp","href":"https:\/\/api.w.org\/{rel}","templated":true}]}}