{"id":128954,"date":"2025-03-25T01:08:18","date_gmt":"2025-03-25T01:08:18","guid":{"rendered":"https:\/\/colimdo.org\/?p=128954"},"modified":"2025-03-25T01:08:18","modified_gmt":"2025-03-25T01:08:18","slug":"onceno-superior-enfrentara-a-equipo-de-puerto-rico-este-martes","status":"publish","type":"post","link":"https:\/\/colimdo.org\/noticias\/onceno-superior-enfrentara-a-equipo-de-puerto-rico-este-martes\/","title":{"rendered":"Onceno superior enfrentar\u00e1 a equipo de Puerto Rico este martes"},"content":{"rendered":"<p><strong>SANTIAGO<\/strong>.- Rep\u00fablica Dominicana enfrentar\u00e1 a Puerto Rico este martes en el Estadio Cibao FC de Santiago de los Caballeros a partir de las 8:00 de la noche. Ser\u00e1 el partido que cierre una serie de dos amistosos entre ambos conjuntos nacionales durante la presente Ventana FIFA. Se espera una gran asistencia de p\u00fablico, as\u00ed como el debut de Mariano D\u00edaz con la absoluta.<\/p>\n<p>Mariano D\u00edaz -que est\u00e1 regresando a la Selecci\u00f3n Dominicana de F\u00fatbol desde 2013- y J\u00fanior Firpo se unieron a la concentraci\u00f3n de la Sedof\u00fatbol desde el s\u00e1bado y est\u00e1n a disposici\u00f3n del seleccionador Marcelo Neveleff para el duelo de este martes.<\/p>\n<p>El conjunto nacional regres\u00f3 el pasado s\u00e1bado a territorio dominicano tras el empate a dos goles contra la selecci\u00f3n puertorrique\u00f1a y de inmediato comenz\u00f3 a preparar el segundo enfrentamiento.<\/p>\n<p>\u201cEstoy muy emocionado de volver a vestir esta camiseta y representar a mi pa\u00eds, y espero que sea con victoria en el pr\u00f3ximo partido. Han pasado muchos a\u00f1os, todo ahora es diferente como se est\u00e1n haciendo las cosas de bien y cada vez m\u00e1s est\u00e1n priorizando la selecci\u00f3n pues la verdad me motiva mucho a volver, adem\u00e1s el entrenador me insisti\u00f3 y creo que es un buen momento\u201d, expres\u00f3 Mariano D\u00edaz en su primera convocatoria con la Sedof\u00fatbol.<\/p>\n<p>El ariete agreg\u00f3, \u201cPara m\u00ed es un orgullo representar a Rep\u00fablica Dominicana, donde naci\u00f3 mi mam\u00e1, la que me ha criado y me ha dado todo. En mi familia todos est\u00e1n muy orgullosos e ilusionados tras este llamado\u201d.<\/p>\n<p>Tras su primer entrenamiento con el elenco nacional dijo, \u201cme sent\u00ed muy a gusto, me acogieron muy bien los compa\u00f1eros y estoy muy contento. Las sensaciones son muy buenas, veo a mucha gente implicada y las expectativas son hacer un buen partido, ganar y si puede ser pues meter un gol\u201d.<\/p>\n<p>La Sedof\u00fatbol efectu\u00f3 este lunes por la tarde su \u00faltimo entrenamiento antes de enfrentar a Puerto Rico.<\/p>\n<p>Las boletas para el partido est\u00e1n a la venta en Uepatickets.com y el mismo ser\u00e1 transmitido por CDN Deportes en vivo.<\/p>\n","protected":false},"excerpt":{"rendered":"<p>SANTIAGO.- Rep\u00fablica Dominicana enfrentar\u00e1 a Puerto Rico este martes en el Estadio Cibao FC de Santiago de los Caballeros a partir de las 8:00 de la noche. Ser\u00e1 el partido que cierre una serie de dos amistosos entre ambos conjuntos nacionales durante la presente Ventana FIFA. Se espera una gran asistencia de p\u00fablico, as\u00ed como [&hellip;]<\/p>\n","protected":false},"author":13,"featured_media":128955,"comment_status":"closed","ping_status":"closed","sticky":false,"template":"","format":"standard","meta":[],"categories":[3,2,60],"tags":[77],"acf":[],"_links":{"self":[{"href":"https:\/\/colimdo.org\/wp-api\/wp\/v2\/posts\/128954"}],"collection":[{"href":"https:\/\/colimdo.org\/wp-api\/wp\/v2\/posts"}],"about":[{"href":"https:\/\/colimdo.org\/wp-api\/wp\/v2\/types\/post"}],"author":[{"embeddable":true,"href":"https:\/\/colimdo.org\/wp-api\/wp\/v2\/users\/13"}],"replies":[{"embeddable":true,"href":"https:\/\/colimdo.org\/wp-api\/wp\/v2\/comments?post=128954"}],"version-history":[{"count":1,"href":"https:\/\/colimdo.org\/wp-api\/wp\/v2\/posts\/128954\/revisions"}],"predecessor-version":[{"id":128956,"href":"https:\/\/colimdo.org\/wp-api\/wp\/v2\/posts\/128954\/revisions\/128956"}],"wp:featuredmedia":[{"embeddable":true,"href":"https:\/\/colimdo.org\/wp-api\/wp\/v2\/media\/128955"}],"wp:attachment":[{"href":"https:\/\/colimdo.org\/wp-api\/wp\/v2\/media?parent=128954"}],"wp:term":[{"taxonomy":"category","embeddable":true,"href":"https:\/\/colimdo.org\/wp-api\/wp\/v2\/categories?post=128954"},{"taxonomy":"post_tag","embeddable":true,"href":"https:\/\/colimdo.org\/wp-api\/wp\/v2\/tags?post=128954"}],"curies":[{"name":"wp","href":"https:\/\/api.w.org\/{rel}","templated":true}]}}