{"id":128981,"date":"2025-03-26T14:32:35","date_gmt":"2025-03-26T14:32:35","guid":{"rendered":"https:\/\/colimdo.org\/?p=128981"},"modified":"2025-03-26T14:32:35","modified_gmt":"2025-03-26T14:32:35","slug":"festival-deportivo-hato-mayor-distingue-a-heroes-deportivos","status":"publish","type":"post","link":"https:\/\/colimdo.org\/noticias\/festival-deportivo-hato-mayor-distingue-a-heroes-deportivos\/","title":{"rendered":"Festival Deportivo Hato Mayor distingue a h\u00e9roes deportivos"},"content":{"rendered":"<p><strong>HATO MAYOR<\/strong>. El comit\u00e9 organizador del Festival Deportivo Hato Mayor\/Vicentillo Semana Santa 2025, anunci\u00f3 la dedicatoria del torneo de domin\u00f3 in memoriam a Prebisterio Ortega (Don Ongu\u00ed), y entreg\u00f3 una placa de reconocimiento a sus familiares, en un emotivo acto celebrado en el Rancho Tur\u00edstico Do\u00f1a Callita.<\/p>\n<p>En el encuentro donde se dieron a conocer los detalles del evento, que tiene como torneo principal, la versi\u00f3n 29 de voleibol playero y en donde tambi\u00e9n se competir\u00e1 en softbol y billar, fueron reconocidos como H\u00e9roes Deportivo de Siempre el profesor Jos\u00e9 Ram\u00f3n Reyes Mercedes y Harris Luis Peguero Vilorio (Javi Peguero).<\/p>\n<p>El festival arranca con el torneo de softbol, dedicado a Miguel Santana (Miguel Rayita), el martes 5 de abril; el jueves 17 ser\u00e1 el congresillo t\u00e9cnico y la cena de bienvenida para los atletas del voleibol, que est\u00e1 dedicado al periodista Leo Corpor\u00e1n, editor deportivo del peri\u00f3dico El Nacional y arranca el viernes 18 en las canchas de arena del Rancho Do\u00f1a Callita; el s\u00e1bado inicia el billar local, dedicado a H\u00e9ctor Emilio Polanco Rodr\u00edguez (Tito), y el domingo se jugar\u00e1 el domin\u00f3 provincial y el billar regional.<\/p>\n<p>Rub\u00e9n Dar\u00edo Cruz Ubiera (Rub\u00e9n Toyota), presidente del Comit\u00e9 Organizador, indic\u00f3 que el evento tendr\u00e1 premios met\u00e1licos de m\u00e1s de RD$3 millones de pesos, para los ganadores de los primeros lugares, copas, trofeos y medallas.<\/p>\n<p>Adem\u00e1s de Rub\u00e9n Toyota estuvieron en la mesa principal encabezando el acto, Don Ricardo Barcel\u00f3 Salas, presidente del Consejo de Desarrollo Ecotur\u00edstico de la Provincia Hato Mayor (Codeprham), Jos\u00e9 Miguel Ortega, S\u00edndico del Distrito Municipal San Francisco Vicentillo; Laritza D\u00edaz, inmortal del Deporte Dominicano; Iv\u00e1n Guilamo de la Federaci\u00f3n Dominicana de Voleibol; el Licenciado Ricard Monegro, representante de la gobernadora de la provincia Hato Mayor, la doctora Maribel Sim\u00f3n.<\/p>\n<p>Tambi\u00e9n los homenajeados, Miguel Santana de la Cruz, (Miguel Rayita), a quien est\u00e1 dedicada la disciplina del softbol; Harris Luis Peguero Vilorio (Javi Peguero) y el profesor Jos\u00e9 Ram\u00f3n Reyes Mercedes, como H\u00e9roes Deportivos de Siempre.<\/p>\n<p>Las semblanzas de los homenajeados fueron le\u00eddas Lisbet Nolasco Ortega, la de Don Ongu\u00ed; Pedro Reyes, la de Jos\u00e9 Ram\u00f3n Reyes Mercedes; Eddy Sosa, la de Javi Peguero y Elizabeth Santana, ley\u00f3 la de Miguel Rayita.<\/p>\n<p>Ru\u00e9n Toyota record\u00f3 que el torneo de voleibol playero \u201cha sido la piedra angular para que la provincia Hato Mayor y el Distrito Municipal San Francisco Vicentillo, est\u00e9n en el mapa mundial de la Federaci\u00f3n Internacional de Voleibol (FIVB) y la Confederaci\u00f3n de Norteam\u00e9rica, Centroam\u00e9rica y el Caribe de Voleibol (Norceca)\u201d.<\/p>\n<p>Al referirse al homenajeado de domin\u00f3 se\u00f1al\u00f3 que \u201chablar de Don Ongu\u00ed en la comunidad de San Francisco Vicentillo y en las provincias Hato Mayor y el Seibo, es hablar de honestidad, laboriosidad\u201d.<\/p>\n<p>Y agreg\u00f3 en ese orden que \u201csu esfuerzo y entrega fueron fundamentales para el crecimiento de iniciativas que hoy fomentan la integraci\u00f3n y la sana competencia deportiva, especialmente en el domin\u00f3, deporte donde se destac\u00f3 y lo abraz\u00f3 como medio para confraternizar y hacer nuevos amigos en la comunidad, destac\u00e1ndose como un gran propulsor de esa disciplina\u201d.<\/p>\n<p>Agreg\u00f3 que \u201ccomo bien se\u00f1alan en su semblanza, nunca tuvo obst\u00e1culos para servirles a los dem\u00e1s, promover deportes, la cultura y las siembras y es por esa raz\u00f3n que este comit\u00e9 se honra al dedicarle nuestro evento de domin\u00f3\u201d.<\/p>\n<p><strong>Sobre Reyes y Peguero<\/strong><\/p>\n<p>En relaci\u00f3n a los homenajeados con el reconocimiento de H\u00e9roes Deportivos de Siempre, Reyes Mercedes y Peguero, ponder\u00f3 sus cualidades al afirmar que son ejemplos \u201cdos buenos referentes como propulsores del deporte, nacional y provincial\u201d.<\/p>\n<p>Record\u00f3 que ambos fueron en sus inicios, destacados atletas del baloncesto, y que Reyes Mercedes super\u00f3 esos l\u00edmites y se convirti\u00f3 en un maestro de educaci\u00f3n f\u00edsica, ayudando a que decenas de ni\u00f1os y j\u00f3venes arroparan el olimpismo, mediante la pr\u00e1ctica deportiva.<\/p>\n<p>Un logro que destac\u00f3 reconocerle haber sido el fundador de la Asociaci\u00f3n de Voleibol de Hato Mayor, disciplina que es el buque insignia del Festival Deportivo Semana Santa 2025, acci\u00f3n que continu\u00f3 hasta formar las organizaciones Roberto Antonio \u2013Chory- N\u00fa\u00f1ez, Los Pioneros, Club Centro, Club Ondina y club de voleibol los J\u00f3venes de Yerba Buena.<\/p>\n<p>De Peguero Vilorio se\u00f1al\u00f3 que trascendi\u00f3 los l\u00edmites de la provincia como jugador de baloncesto, destac\u00e1ndose en los torneos de Consuelo, San Pedro de Macor\u00eds; Arroyo Hondo en Santo Domingo y jug\u00f3 como refuerzo en varias provincias del pa\u00eds, especialmente en la Regi\u00f3n Este; fue medalla de Plata en los Juegos Deportivos Nacionales de La Vega.<\/p>\n<p>Afirm\u00f3 que, durante su trayectoria como atleta, \u201cfue valorado entre otras cosas, por su gran defensa, am\u00e9n de la caballerosidad y juego elegante\u201d, se\u00f1al\u00f3 Rub\u00e9n Dar\u00edo Cruz.<\/p>\n<p>&nbsp;<\/p>\n<p>&nbsp;<\/p>\n<p>Harr\u00eds Luis Peguero Vilorio, Miguel Santana de la Cruz (Miguel Rayita), Rub\u00e9n Dar\u00edo Cruz Ubiera, Jos\u00e9 Ram\u00f3n Reyes Mercedes, y Johnny Ortega, en representaci\u00f3n de la familia de Prebisterio Ortega.<\/p>\n","protected":false},"excerpt":{"rendered":"<p>HATO MAYOR. El comit\u00e9 organizador del Festival Deportivo Hato Mayor\/Vicentillo Semana Santa 2025, anunci\u00f3 la dedicatoria del torneo de domin\u00f3 in memoriam a Prebisterio Ortega (Don Ongu\u00ed), y entreg\u00f3 una placa de reconocimiento a sus familiares, en un emotivo acto celebrado en el Rancho Tur\u00edstico Do\u00f1a Callita. En el encuentro donde se dieron a conocer [&hellip;]<\/p>\n","protected":false},"author":13,"featured_media":128982,"comment_status":"closed","ping_status":"closed","sticky":false,"template":"","format":"standard","meta":[],"categories":[3,2,60],"tags":[100726],"acf":[],"_links":{"self":[{"href":"https:\/\/colimdo.org\/wp-api\/wp\/v2\/posts\/128981"}],"collection":[{"href":"https:\/\/colimdo.org\/wp-api\/wp\/v2\/posts"}],"about":[{"href":"https:\/\/colimdo.org\/wp-api\/wp\/v2\/types\/post"}],"author":[{"embeddable":true,"href":"https:\/\/colimdo.org\/wp-api\/wp\/v2\/users\/13"}],"replies":[{"embeddable":true,"href":"https:\/\/colimdo.org\/wp-api\/wp\/v2\/comments?post=128981"}],"version-history":[{"count":1,"href":"https:\/\/colimdo.org\/wp-api\/wp\/v2\/posts\/128981\/revisions"}],"predecessor-version":[{"id":128983,"href":"https:\/\/colimdo.org\/wp-api\/wp\/v2\/posts\/128981\/revisions\/128983"}],"wp:featuredmedia":[{"embeddable":true,"href":"https:\/\/colimdo.org\/wp-api\/wp\/v2\/media\/128982"}],"wp:attachment":[{"href":"https:\/\/colimdo.org\/wp-api\/wp\/v2\/media?parent=128981"}],"wp:term":[{"taxonomy":"category","embeddable":true,"href":"https:\/\/colimdo.org\/wp-api\/wp\/v2\/categories?post=128981"},{"taxonomy":"post_tag","embeddable":true,"href":"https:\/\/colimdo.org\/wp-api\/wp\/v2\/tags?post=128981"}],"curies":[{"name":"wp","href":"https:\/\/api.w.org\/{rel}","templated":true}]}}