{"id":129029,"date":"2025-03-28T02:44:14","date_gmt":"2025-03-28T02:44:14","guid":{"rendered":"https:\/\/colimdo.org\/?p=129029"},"modified":"2025-03-28T02:44:14","modified_gmt":"2025-03-28T02:44:14","slug":"garcia-y-espiritusanto-campeones-clasico-de-ciclismo-el-caballito","status":"publish","type":"post","link":"https:\/\/colimdo.org\/noticias\/garcia-y-espiritusanto-campeones-clasico-de-ciclismo-el-caballito\/","title":{"rendered":"Garc\u00eda y Espiritusanto, campeones Cl\u00e1sico de Ciclismo El Caballito"},"content":{"rendered":"<p><strong>SANTO DOMINGO<\/strong>. Los pedalistas Lizander Garc\u00eda y Flor Espiritusanto fueron los m\u00e1ximos ganadores del Cl\u00e1sico de Ciclismo El Caballito, que se corri\u00f3 el domingo en el Expreso Quinto Centenario, con dedicatoria al periodista H\u00e9ctor J. Cruz.<\/p>\n<p>Garc\u00eda, del equipo Fenix, se impuso en la categor\u00eda Open masculina con un tiempo de 1 hora 31 minutos y 01 segundos en la distancia de 72 kil\u00f3metros. Steven Polanco, del Team Romana, y Rudy Germoso, de Verrazano Racing, completaron el podio.<\/p>\n<p>En la categor\u00eda Open Femenina, Espiritusanto, del Hamakan Sport Team, recorri\u00f3 los 48 kil\u00f3metros en 1.26.23. Fue seguida por Juan Fern\u00e1ndez (Team Japu) y Amelia Uribe (BMC Metriatools).<\/p>\n<p>Entre los juveniles, los lauros fueron para Johan Manuel Jim\u00e9nez, de Asocipe Moca, con 54 kil\u00f3metros en 1.14.15. Su compa\u00f1ero de equipo Enmanuel Hern\u00e1ndez lleg\u00f3 segundo y John Fern\u00e1ndez (BH Xtreme Bike) le sigui\u00f3.<\/p>\n<p>Michael; Jhonson (Fuetia Cycling Team) pedale\u00f3 66 kil\u00f3metros en 1.34.35 para ganar en la categor\u00eda Master A. Fue secundado por Jos\u00e9 Frank Rodr\u00edguez (Inteja) y Leonardo Mazara (Team Fuetiao).<\/p>\n<p>El hist\u00f3rico Augusto S\u00e1nchez (Barra Bike) comand\u00f3 a los Master B con 66 kil\u00f3metros en tiempo de 1.36.11. Tirso Moquete (R2R) lleg\u00f3 segundo y el tercer puesto lo ocup\u00f3 Randy S\u00e1nchez.<\/p>\n<p>Los patrocinadores de la carrera fueron: Miderec, Banreservas, Gigantes del Cibao, Indotel, Interior y Polic\u00eda, Petrom\u00f3vil, Direcci\u00f3n General de Aduanas, Inefi, El Tiempo, y la Fundaci\u00f3n Mauricio B\u00e1ez.<\/p>\n<p>Tuvo el apoyo y aval de la Federaci\u00f3n Dominicana de Ciclismo (Fedoci) y la Asociaci\u00f3n de Ciclismo del Distrito Nacional.<\/p>\n<p>La justa fue transmitida pkor el canal de youtube de Fedoci y tuvo reacciones de pa\u00edses como Colombia, Francia, Venezuela, Cuba, Puerto Rico y\u00a0 Espa\u00f1a, entre otros.<\/p>\n","protected":false},"excerpt":{"rendered":"<p>SANTO DOMINGO. Los pedalistas Lizander Garc\u00eda y Flor Espiritusanto fueron los m\u00e1ximos ganadores del Cl\u00e1sico de Ciclismo El Caballito, que se corri\u00f3 el domingo en el Expreso Quinto Centenario, con dedicatoria al periodista H\u00e9ctor J. Cruz. Garc\u00eda, del equipo Fenix, se impuso en la categor\u00eda Open masculina con un tiempo de 1 hora 31 minutos [&hellip;]<\/p>\n","protected":false},"author":13,"featured_media":129030,"comment_status":"closed","ping_status":"closed","sticky":false,"template":"","format":"standard","meta":[],"categories":[83143,2,60],"tags":[80256],"acf":[],"_links":{"self":[{"href":"https:\/\/colimdo.org\/wp-api\/wp\/v2\/posts\/129029"}],"collection":[{"href":"https:\/\/colimdo.org\/wp-api\/wp\/v2\/posts"}],"about":[{"href":"https:\/\/colimdo.org\/wp-api\/wp\/v2\/types\/post"}],"author":[{"embeddable":true,"href":"https:\/\/colimdo.org\/wp-api\/wp\/v2\/users\/13"}],"replies":[{"embeddable":true,"href":"https:\/\/colimdo.org\/wp-api\/wp\/v2\/comments?post=129029"}],"version-history":[{"count":1,"href":"https:\/\/colimdo.org\/wp-api\/wp\/v2\/posts\/129029\/revisions"}],"predecessor-version":[{"id":129031,"href":"https:\/\/colimdo.org\/wp-api\/wp\/v2\/posts\/129029\/revisions\/129031"}],"wp:featuredmedia":[{"embeddable":true,"href":"https:\/\/colimdo.org\/wp-api\/wp\/v2\/media\/129030"}],"wp:attachment":[{"href":"https:\/\/colimdo.org\/wp-api\/wp\/v2\/media?parent=129029"}],"wp:term":[{"taxonomy":"category","embeddable":true,"href":"https:\/\/colimdo.org\/wp-api\/wp\/v2\/categories?post=129029"},{"taxonomy":"post_tag","embeddable":true,"href":"https:\/\/colimdo.org\/wp-api\/wp\/v2\/tags?post=129029"}],"curies":[{"name":"wp","href":"https:\/\/api.w.org\/{rel}","templated":true}]}}