{"id":129092,"date":"2025-04-02T00:59:32","date_gmt":"2025-04-02T00:59:32","guid":{"rendered":"https:\/\/colimdo.org\/?p=129092"},"modified":"2025-04-02T00:59:43","modified_gmt":"2025-04-02T00:59:43","slug":"programa-somos-deportes-se-transmitira-por-colimdo-tv-canal-88","status":"publish","type":"post","link":"https:\/\/colimdo.org\/noticias\/programa-somos-deportes-se-transmitira-por-colimdo-tv-canal-88\/","title":{"rendered":"Programa Somos Deportes se transmitir\u00e1 por colimdo tv, canal 88"},"content":{"rendered":"<p><strong>Santo Domingo<\/strong>.- Tras m\u00e1s de cuatro a\u00f1os de transmisiones ininterrumpidas, el programa Somos Deportes se despide de su casa matriz, CDN Deportes, para dar paso a un nuevo formato en versi\u00f3n podcast en YouTube.<\/p>\n<p>El pasado viernes 28 de marzo, el programa se transmiti\u00f3 por \u00faltima vez a trav\u00e9s de la se\u00f1al de CDN Deportes.<\/p>\n<p>La informaci\u00f3n fue anunciada por el productor y coordinador del espacio, Roberto Mateo, quien aprovech\u00f3 la ocasi\u00f3n para agradecer a la planta televisora, directivos, t\u00e9cnicos y patrocinadores por el respaldo recibido durante el \u00faltimo cuatrienio.<\/p>\n<p>\u201cDespu\u00e9s de cuatro a\u00f1os y medio de trabajo ininterrumpido, hemos decidido cerrar este ciclo. No queremos hacerlo sin antes expresar nuestro m\u00e1s sincero agradecimiento por la confianza y el apoyo brindado durante todo este tiempo\u201d, expres\u00f3 Mateo.<\/p>\n<p>\u201cNos llevamos grandes experiencias, aprendizajes y, sobre todo, esperamos que nuestros caminos se vuelvan a cruzar en el futuro\u201d, concluy\u00f3 Mateo.<\/p>\n<p>Al momento de su despedida, formaban parte del programa Roberto Mateo, Joseyni Polanco, Rosa Cuevas, Luis Crusiel \u201cPeloterito Chismoso\u201d, Manuel Paredes, Yoel S\u00e1nchez, Gabriel Santiago, Nayely D\u00edaz, Priscila Tejeda, Helen Acevedo y Norma Caudillo, desde M\u00e9xico.<\/p>\n<p><strong>*Somos Deportes Podcast*<\/strong><\/p>\n<p>El proyecto contin\u00faa en un nuevo formato, tipo podcast, el cual ya tiene tres cap\u00edtulos disponibles y se publica semanalmente en el canal de YouTube Somos Deportes.<\/p>\n<p>De igual manera, tendr\u00e1 espacio durante los fines de semana en Colimdo TV, a partir del 5 de abril, todos los s\u00e1bados de 12:00 p. m. a 1:30 p. m.<\/p>\n<p>Acompa\u00f1ar\u00e1n a Mateo en este proyecto Priscila Tejeda, Nayely D\u00edaz y Rosa Cuevas, con entrevistas, an\u00e1lisis y din\u00e1micas para los fan\u00e1ticos que han seguido el espacio durante los \u00faltimos a\u00f1os.<\/p>\n","protected":false},"excerpt":{"rendered":"<p>Santo Domingo.- Tras m\u00e1s de cuatro a\u00f1os de transmisiones ininterrumpidas, el programa Somos Deportes se despide de su casa matriz, CDN Deportes, para dar paso a un nuevo formato en versi\u00f3n podcast en YouTube. El pasado viernes 28 de marzo, el programa se transmiti\u00f3 por \u00faltima vez a trav\u00e9s de la se\u00f1al de CDN Deportes. [&hellip;]<\/p>\n","protected":false},"author":13,"featured_media":129093,"comment_status":"closed","ping_status":"closed","sticky":false,"template":"","format":"standard","meta":[],"categories":[83143,2,60],"tags":[100729],"acf":[],"_links":{"self":[{"href":"https:\/\/colimdo.org\/wp-api\/wp\/v2\/posts\/129092"}],"collection":[{"href":"https:\/\/colimdo.org\/wp-api\/wp\/v2\/posts"}],"about":[{"href":"https:\/\/colimdo.org\/wp-api\/wp\/v2\/types\/post"}],"author":[{"embeddable":true,"href":"https:\/\/colimdo.org\/wp-api\/wp\/v2\/users\/13"}],"replies":[{"embeddable":true,"href":"https:\/\/colimdo.org\/wp-api\/wp\/v2\/comments?post=129092"}],"version-history":[{"count":1,"href":"https:\/\/colimdo.org\/wp-api\/wp\/v2\/posts\/129092\/revisions"}],"predecessor-version":[{"id":129094,"href":"https:\/\/colimdo.org\/wp-api\/wp\/v2\/posts\/129092\/revisions\/129094"}],"wp:featuredmedia":[{"embeddable":true,"href":"https:\/\/colimdo.org\/wp-api\/wp\/v2\/media\/129093"}],"wp:attachment":[{"href":"https:\/\/colimdo.org\/wp-api\/wp\/v2\/media?parent=129092"}],"wp:term":[{"taxonomy":"category","embeddable":true,"href":"https:\/\/colimdo.org\/wp-api\/wp\/v2\/categories?post=129092"},{"taxonomy":"post_tag","embeddable":true,"href":"https:\/\/colimdo.org\/wp-api\/wp\/v2\/tags?post=129092"}],"curies":[{"name":"wp","href":"https:\/\/api.w.org\/{rel}","templated":true}]}}