{"id":129173,"date":"2025-04-06T00:49:33","date_gmt":"2025-04-06T00:49:33","guid":{"rendered":"https:\/\/colimdo.org\/?p=129173"},"modified":"2025-04-06T00:49:50","modified_gmt":"2025-04-06T00:49:50","slug":"romero-sanchez-y-cabrera-campeones-ii-mtb-la-fefada","status":"publish","type":"post","link":"https:\/\/colimdo.org\/noticias\/romero-sanchez-y-cabrera-campeones-ii-mtb-la-fefada\/","title":{"rendered":"Romero, S\u00e1nchez y Cabrera, campeones II MTB La Fefada"},"content":{"rendered":"<p><strong>Santo Domingo<\/strong>. Gerardo Romero, Ransy S\u00e1nchez y Obed Cabrera lograron los m\u00e1ximos honores en sus respectivas categor\u00edas en la 2da fecha del Cl\u00e1sico MTB La Fefada disputada en las inmediaciones del Parque de MTB del Hig\u00fcero con llegada y salida en el \u00c1rea Recreativa de Aro y Pedal en la referida comunidad bajo el auspicio de F. Disla (Ingenieros Lineales), Vitasalud y EpicTrails.<\/p>\n<p>Romero (BikeCare), corriendo en la categor\u00eda Master A se impuso con un tiempo\u00a0\u00a0de 1h 57m 20s a Raimundo Est\u00e9vez (DRT) y Manuel Morillo (MayaBike) relegando a Rafael F\u00edgaro (BMC) y a Carlos Garc\u00eda (Lo\u2019Ingeniero) al 4to y 5to lugar respectivamente.<\/p>\n<p>El Cl\u00e1sico de MTB La Fefada es una serie de MTB que organiza cada a\u00f1o PlanetBike. Cuenta con el apoyo log\u00edstico de Arion, Cardnet, Gingertec y Cannondale.<\/p>\n<p>Por su parte el Master B, Randy S\u00e1nchez se impuso en un sprint al Constancero Erizon Candelario y dejando a F\u00e9lix Rojas (DRT) con el 3er puesto.\u00a0\u00a0Erick Gonz\u00e1lez (Grupo Gonz\u00e1lez) y Jos\u00e9 Rivas (DRT) fueron 4to y 5to.<\/p>\n<p>Obed Cabrera (Saltamontes\/Inteja\/GCC) impuso su autoridad y mantuvo su hegemon\u00eda en la Master C, superando a Ram\u00f3n Tapia, Fredy Hern\u00e1ndez, Raymond Hernandez(La Bicicleteria) y David L\u00f3pez (Epic Trail), que se ubicaron del 2do al 5to respectivamente.<\/p>\n<p>En la rama Femenina Open, Gabriela Tejada (BH Xtreme Bike) super\u00f3 por lo m\u00ednimo a Mar\u00eda Contreras (DRT) y a Rosaura Santos (Trek). Jennifer Morillo ocup\u00f3 el 4to escal\u00f3n.<\/p>\n<p>Brian Valdez (Saltamontes\/Cannondale) fue el m\u00e1s r\u00e1pido en la Cat Master N2.\u00a0\u00a0Con un tiempo de 1h 09m 34s super\u00f3 a Jos\u00e9 Leonor y a Emilio Pe\u00f1a. John Susana y Alexander Cabral se hicieron con la 4ta y 5ta posici\u00f3n.<\/p>\n<p>Edgar Sanchez (BH &#8211; Xtreme Bike) fue el ganador de la Sub23, mientras que Estalin Marte (SDO) se impuso a Rafael Familia (Team Sayayin) en la categor\u00eda PreJuvenil.<\/p>\n<p>La infantil A fue dominada por Diego del Rosario; Cristian Valdez (Saltamontes\/Cannondale) ocup\u00f3 el 2do pelda\u00f1o. Oscar Cordero (Epic Trail fue el ganador de la Intantil B, seguido por Pascal D\u00edaz y Salom\u00f3n Paez, ambos de la Escuelita Saltamontes.\u00a0\u00a0La Infantil sigue siendo diminada por Joaqu\u00edn Rodr\u00edguez (Saltamontes\/Cannondale), superando a David Riabo, Oliver Pujols (SDO), Erian Gonzalez (Grupo Gonzalez) y a Welington P\u00e9rez.<\/p>\n<p>Los el\u00e9ctricos (E-Bike Blocked) fue dominada por Ernesto Mart\u00ednez (Los Hidalgos), superando a Miguel I\u00f1iguez (Triciclo), Isaac Ram\u00edrez, Eder Mart\u00ednez (La Pandilla) y Rafael Dickson (Vagos MTB) que se ubicaron del 2do al 5to respectivamente.<\/p>\n<p>La siguiente te fecha de la serie es el 6 de julio en Mucha Agua, Cambita SC.\u00a8<\/p>\n","protected":false},"excerpt":{"rendered":"<p>Santo Domingo. Gerardo Romero, Ransy S\u00e1nchez y Obed Cabrera lograron los m\u00e1ximos honores en sus respectivas categor\u00edas en la 2da fecha del Cl\u00e1sico MTB La Fefada disputada en las inmediaciones del Parque de MTB del Hig\u00fcero con llegada y salida en el \u00c1rea Recreativa de Aro y Pedal en la referida comunidad bajo el auspicio [&hellip;]<\/p>\n","protected":false},"author":13,"featured_media":129174,"comment_status":"closed","ping_status":"closed","sticky":false,"template":"","format":"standard","meta":[],"categories":[83143,2,60],"tags":[80256],"acf":[],"_links":{"self":[{"href":"https:\/\/colimdo.org\/wp-api\/wp\/v2\/posts\/129173"}],"collection":[{"href":"https:\/\/colimdo.org\/wp-api\/wp\/v2\/posts"}],"about":[{"href":"https:\/\/colimdo.org\/wp-api\/wp\/v2\/types\/post"}],"author":[{"embeddable":true,"href":"https:\/\/colimdo.org\/wp-api\/wp\/v2\/users\/13"}],"replies":[{"embeddable":true,"href":"https:\/\/colimdo.org\/wp-api\/wp\/v2\/comments?post=129173"}],"version-history":[{"count":1,"href":"https:\/\/colimdo.org\/wp-api\/wp\/v2\/posts\/129173\/revisions"}],"predecessor-version":[{"id":129175,"href":"https:\/\/colimdo.org\/wp-api\/wp\/v2\/posts\/129173\/revisions\/129175"}],"wp:featuredmedia":[{"embeddable":true,"href":"https:\/\/colimdo.org\/wp-api\/wp\/v2\/media\/129174"}],"wp:attachment":[{"href":"https:\/\/colimdo.org\/wp-api\/wp\/v2\/media?parent=129173"}],"wp:term":[{"taxonomy":"category","embeddable":true,"href":"https:\/\/colimdo.org\/wp-api\/wp\/v2\/categories?post=129173"},{"taxonomy":"post_tag","embeddable":true,"href":"https:\/\/colimdo.org\/wp-api\/wp\/v2\/tags?post=129173"}],"curies":[{"name":"wp","href":"https:\/\/api.w.org\/{rel}","templated":true}]}}