{"id":129227,"date":"2025-04-08T16:18:50","date_gmt":"2025-04-08T16:18:50","guid":{"rendered":"https:\/\/colimdo.org\/?p=129227"},"modified":"2025-04-08T16:19:00","modified_gmt":"2025-04-08T16:19:00","slug":"dotel-y-hermana-de-cruz-entre-afectados-tragedia-en-jet-set","status":"publish","type":"post","link":"https:\/\/colimdo.org\/noticias\/dotel-y-hermana-de-cruz-entre-afectados-tragedia-en-jet-set\/","title":{"rendered":"Dotel y hermana de Cruz entre afectados tragedia en Jet Set"},"content":{"rendered":"<p>La Rep\u00fablica Dominicana amaneci\u00f3 at\u00f3nita este martes 8 de abril, tras el derrumbe del techo de una popular discoteca en la capital dominicana. Cientos de personas han sido trasladadas hacia distintos centros m\u00e9dicos de la ciudad de Santo Domingo, mientras que las cifras oficiales sobre heridos y fallecidos que han sido provistas por las autoridades est\u00e1n siendo actualizadas con frecuencia.<\/p>\n<p>La tragedia tambi\u00e9n ha impactado al mundo del b\u00e9isbol profesional de la Rep\u00fablica Dominicana, tras haber sido confirmado la presencia de al menos un exjugador de\u00a0Grandes Ligas, as\u00ed como familiares de otros.<\/p>\n<p>Las autoridades confirmaron el fallecimiento de\u00a0Nelsy Cruz, Gobernadora de la provincia de Monte Cristi, al noroeste de la Rep\u00fablica Dominicana y hermana del expelotero y actual gerente del equipo dominicano que ir\u00e1 al pr\u00f3ximo\u00a0Cl\u00e1sico Mundial de B\u00e9isbol,\u00a0Nelson Cruz.<\/p>\n<p>Se ha confirmado, adem\u00e1s, que dentro de la discoteca tambi\u00e9n se encontraba el exrelevista de\u00a0MLB,\u00a0Octavio Dotel, quien, hasta este momento, no ha sido sacado del derrumbe, aunque fue encontrado y estabilizado por los rescatistas, quienes trabajan para terminar de extraerlo de entre los escombros, seg\u00fan informaron a la prensa familiares que se presentaron al lugar.<\/p>\n<p>En el sitio tambi\u00e9n est\u00e1 el cantante\u00a0Ruby P\u00e9rez, atracci\u00f3n principal de la velada, y quien es hermano del extorpedero de\u00a0Grandes Ligas,\u00a0Neifi P\u00e9rez. Se reporta que se encuentra en la misma situaci\u00f3n de\u00a0Dotel: encontrado y estabilizado por los trabajadores de rescate, pero a\u00fan no ha podido ser sacado de entre los escombros.<\/p>\n<p>De acuerdo con las autoridades, en el lugar se encontraban aproximadamente 600 personas, por lo que, seg\u00fan vayan avanzando los trabajos de rescate, se tendr\u00e1 m\u00e1s informaci\u00f3n sobre la identidad de otros que hasta el momento no han sido identificados.<\/p>\n","protected":false},"excerpt":{"rendered":"<p>La Rep\u00fablica Dominicana amaneci\u00f3 at\u00f3nita este martes 8 de abril, tras el derrumbe del techo de una popular discoteca en la capital dominicana. Cientos de personas han sido trasladadas hacia distintos centros m\u00e9dicos de la ciudad de Santo Domingo, mientras que las cifras oficiales sobre heridos y fallecidos que han sido provistas por las autoridades [&hellip;]<\/p>\n","protected":false},"author":13,"featured_media":129228,"comment_status":"closed","ping_status":"closed","sticky":false,"template":"","format":"standard","meta":[],"categories":[83143,2,60],"tags":[100733],"acf":[],"_links":{"self":[{"href":"https:\/\/colimdo.org\/wp-api\/wp\/v2\/posts\/129227"}],"collection":[{"href":"https:\/\/colimdo.org\/wp-api\/wp\/v2\/posts"}],"about":[{"href":"https:\/\/colimdo.org\/wp-api\/wp\/v2\/types\/post"}],"author":[{"embeddable":true,"href":"https:\/\/colimdo.org\/wp-api\/wp\/v2\/users\/13"}],"replies":[{"embeddable":true,"href":"https:\/\/colimdo.org\/wp-api\/wp\/v2\/comments?post=129227"}],"version-history":[{"count":1,"href":"https:\/\/colimdo.org\/wp-api\/wp\/v2\/posts\/129227\/revisions"}],"predecessor-version":[{"id":129229,"href":"https:\/\/colimdo.org\/wp-api\/wp\/v2\/posts\/129227\/revisions\/129229"}],"wp:featuredmedia":[{"embeddable":true,"href":"https:\/\/colimdo.org\/wp-api\/wp\/v2\/media\/129228"}],"wp:attachment":[{"href":"https:\/\/colimdo.org\/wp-api\/wp\/v2\/media?parent=129227"}],"wp:term":[{"taxonomy":"category","embeddable":true,"href":"https:\/\/colimdo.org\/wp-api\/wp\/v2\/categories?post=129227"},{"taxonomy":"post_tag","embeddable":true,"href":"https:\/\/colimdo.org\/wp-api\/wp\/v2\/tags?post=129227"}],"curies":[{"name":"wp","href":"https:\/\/api.w.org\/{rel}","templated":true}]}}