{"id":129307,"date":"2025-04-14T16:25:22","date_gmt":"2025-04-14T16:25:22","guid":{"rendered":"https:\/\/colimdo.org\/?p=129307"},"modified":"2025-04-14T16:25:22","modified_gmt":"2025-04-14T16:25:22","slug":"arranca-este-martes-softbol-festival-deportivo-hato-mayor","status":"publish","type":"post","link":"https:\/\/colimdo.org\/noticias\/arranca-este-martes-softbol-festival-deportivo-hato-mayor\/","title":{"rendered":"Arranca este martes softbol Festival Deportivo Hato Mayor"},"content":{"rendered":"<p>HATO MAYOR. Con el torneo de softbol provincial arranca el martes 15 de abril, el Festival Deportivo Semana Santa\/Vicentillo 2025, que presenta como disciplina principal la versi\u00f3n 29 del voleibol playero que ser\u00e1 desde el Viernes Santo al domingo de resurrecci\u00f3n y que estar\u00e1 dedicado en todas sus partes al periodista Leo Corpor\u00e1n, editor deportivo de El Nacional.<\/p>\n<p>El torneo de softbol se jugar\u00e1 en el estadio La Toronja, del barrio Puerto Rico y al mismo est\u00e1n convocados los equipos, club Ondina, Los Caballos de La China, Yerbabuena, El Valle y Los Hatillos.<\/p>\n<p>Se premiar\u00e1 con m\u00e1s de RD$3 millones a los ganadores de los primeros lugares, tambi\u00e9n en las disciplinas de billar, local y regional y domin\u00f3 para los residentes en Hato Mayor.<\/p>\n<p>La justa cuenta con el apoyo del ministro de Deportes, ingeniero Kelvin Cruz, quien garantiz\u00f3 que mientras est\u00e9 ocupando la posici\u00f3n, no perimir\u00e1, &#8220;porque es un evento marca pa\u00eds&#8221;, donde se dan cita los mejores jugadores de playa del pa\u00eds y equipos internacionales.<\/p>\n<p>El softbol est\u00e1 a Miguel De la Cruz Santana (Miguel Rayita), quien est\u00e1 invitado hacer el lanzamiento de honor, en el acto de apertura, donde estar\u00e1n presente los miembros del comit\u00e9 organizador del Festival y las autoridades de Hato Mayor, y el cual ser\u00e1 a partir de las 6:30 de la tarde.<\/p>\n<p>Rodolfo Alcal\u00e1, presidente de la Asociaci\u00f3n de Softbol de Hato Mayor y Felipe Lamouth, quien coordina la disciplina, indicaron que previo a la inauguraci\u00f3n se har\u00e1 el sorteo de los grupos lo que determinar\u00e1 el calendario bajo el sistema \u201cTipo Liga\u201d.<\/p>\n<p>Se\u00f1alaron que el primer grupo estar\u00e1 compuesto por los equipos 1,2, y 3 y el segundo grupo por 4,5 y 6. Los que saquen 1 y 2 del grupo A juegan el primer partido y 4-5 del B, jugar\u00e1n el segundo.<\/p>\n<p>La ronda regular contin\u00faa el mi\u00e9rcoles con los partidos restantes, y los ganadores por grupos jugar\u00e1n la final el domingo a partir de las 11:30 de la ma\u00f1ana en el mismo estadio.<\/p>\n<p>Calendario de actividades<\/p>\n<p>El jueves 17 de abril ser\u00e1 el congresillo t\u00e9cnico del torneo de voleibol, a partir de las 7:00 de la noche en el Restaurante el Conuco de Mois. El Viernes Santo, 18 de abril, se jugar\u00e1n los primeros partidos en las canchas de arena del Rancho Tur\u00edstico Do\u00f1a Callita.<\/p>\n<p>A las 3:30 de la tarde ser\u00e1 la inauguraci\u00f3n oficial con el saque de honor a cargo del periodista Corpor\u00e1n.<\/p>\n<p>El s\u00e1bado contin\u00faa el voleibol y arranca el billar en Rancho Do\u00f1a Callita a partir de las 9:30 de la ma\u00f1ana y el domingo, se jugar\u00e1 el domin\u00f3 y las finales del voleibol masculino y femenino; y el softbol, con los equipos campeones de grupo.<\/p>\n","protected":false},"excerpt":{"rendered":"<p>HATO MAYOR. Con el torneo de softbol provincial arranca el martes 15 de abril, el Festival Deportivo Semana Santa\/Vicentillo 2025, que presenta como disciplina principal la versi\u00f3n 29 del voleibol playero que ser\u00e1 desde el Viernes Santo al domingo de resurrecci\u00f3n y que estar\u00e1 dedicado en todas sus partes al periodista Leo Corpor\u00e1n, editor deportivo [&hellip;]<\/p>\n","protected":false},"author":13,"featured_media":129308,"comment_status":"closed","ping_status":"closed","sticky":false,"template":"","format":"standard","meta":[],"categories":[2,4,60],"tags":[100726],"acf":[],"_links":{"self":[{"href":"https:\/\/colimdo.org\/wp-api\/wp\/v2\/posts\/129307"}],"collection":[{"href":"https:\/\/colimdo.org\/wp-api\/wp\/v2\/posts"}],"about":[{"href":"https:\/\/colimdo.org\/wp-api\/wp\/v2\/types\/post"}],"author":[{"embeddable":true,"href":"https:\/\/colimdo.org\/wp-api\/wp\/v2\/users\/13"}],"replies":[{"embeddable":true,"href":"https:\/\/colimdo.org\/wp-api\/wp\/v2\/comments?post=129307"}],"version-history":[{"count":1,"href":"https:\/\/colimdo.org\/wp-api\/wp\/v2\/posts\/129307\/revisions"}],"predecessor-version":[{"id":129309,"href":"https:\/\/colimdo.org\/wp-api\/wp\/v2\/posts\/129307\/revisions\/129309"}],"wp:featuredmedia":[{"embeddable":true,"href":"https:\/\/colimdo.org\/wp-api\/wp\/v2\/media\/129308"}],"wp:attachment":[{"href":"https:\/\/colimdo.org\/wp-api\/wp\/v2\/media?parent=129307"}],"wp:term":[{"taxonomy":"category","embeddable":true,"href":"https:\/\/colimdo.org\/wp-api\/wp\/v2\/categories?post=129307"},{"taxonomy":"post_tag","embeddable":true,"href":"https:\/\/colimdo.org\/wp-api\/wp\/v2\/tags?post=129307"}],"curies":[{"name":"wp","href":"https:\/\/api.w.org\/{rel}","templated":true}]}}