{"id":129349,"date":"2025-04-18T14:54:55","date_gmt":"2025-04-18T14:54:55","guid":{"rendered":"https:\/\/colimdo.org\/?p=129349"},"modified":"2025-04-18T14:54:55","modified_gmt":"2025-04-18T14:54:55","slug":"lnb-mueve-inicio-super-liga-2025-para-el-13-de-mayo","status":"publish","type":"post","link":"https:\/\/colimdo.org\/noticias\/lnb-mueve-inicio-super-liga-2025-para-el-13-de-mayo\/","title":{"rendered":"LNB mueve inicio S\u00faper Liga 2025 para el 13 de mayo"},"content":{"rendered":"<p>SANTO DOMINGO.-\u00a0La Liga Nacional de Baloncesto (LNB) ha decidido mover para el martes 13 de mayo el inicio de la temporada 2025 de La S\u00faper Liga, seg\u00fan inform\u00f3 Antonio Mir, presidente del circuito de primera divisi\u00f3n.<\/p>\n<p>A trav\u00e9s de una nota de prensa, Mir detall\u00f3 que la decisi\u00f3n de posponer por una semana el comienzo del principal torneo del pa\u00eds se adopt\u00f3 como muestra de respeto por el duelo nacional tras la tragedia del Jet Set, que ocasion\u00f3 la suspensi\u00f3n moment\u00e1nea de los torneos superiores de Santiago, Puerto Plata y La Romana, donde la LNB tiene sedes.<\/p>\n<p>\u201cLa LNB no busca divisi\u00f3n, busca ser emp\u00e1tica ante las situaciones de estas asociaciones de baloncesto, por lo que se decidi\u00f3 respaldarlas en la conclusi\u00f3n de sus eventos\u201d, indic\u00f3 Mir.<\/p>\n<p>\u201cNosotros arrancaremos sin problemas el 13 de mayo y estamos trabajando en la modificaci\u00f3n del calendario de La S\u00faper Liga para revelarlo lo m\u00e1s pronto posible\u201d, agreg\u00f3.<\/p>\n<p>Santiago es la sede de los Metros, Puerto Plata la de los Marineros y La Romana la de los Ca\u00f1eros.<\/p>\n<p>Precisamente en las instalaciones Oscar Gobaira, Fabio Rafael Gonz\u00e1lez y Eleoncio Mercedes es donde se est\u00e1n celebrando estos torneos, los cuales se encuentran en etapa de postemporada.<\/p>\n","protected":false},"excerpt":{"rendered":"<p>SANTO DOMINGO.-\u00a0La Liga Nacional de Baloncesto (LNB) ha decidido mover para el martes 13 de mayo el inicio de la temporada 2025 de La S\u00faper Liga, seg\u00fan inform\u00f3 Antonio Mir, presidente del circuito de primera divisi\u00f3n. A trav\u00e9s de una nota de prensa, Mir detall\u00f3 que la decisi\u00f3n de posponer por una semana el comienzo [&hellip;]<\/p>\n","protected":false},"author":13,"featured_media":129350,"comment_status":"closed","ping_status":"closed","sticky":false,"template":"","format":"standard","meta":[],"categories":[83143,2,60],"tags":[79887],"acf":[],"_links":{"self":[{"href":"https:\/\/colimdo.org\/wp-api\/wp\/v2\/posts\/129349"}],"collection":[{"href":"https:\/\/colimdo.org\/wp-api\/wp\/v2\/posts"}],"about":[{"href":"https:\/\/colimdo.org\/wp-api\/wp\/v2\/types\/post"}],"author":[{"embeddable":true,"href":"https:\/\/colimdo.org\/wp-api\/wp\/v2\/users\/13"}],"replies":[{"embeddable":true,"href":"https:\/\/colimdo.org\/wp-api\/wp\/v2\/comments?post=129349"}],"version-history":[{"count":1,"href":"https:\/\/colimdo.org\/wp-api\/wp\/v2\/posts\/129349\/revisions"}],"predecessor-version":[{"id":129351,"href":"https:\/\/colimdo.org\/wp-api\/wp\/v2\/posts\/129349\/revisions\/129351"}],"wp:featuredmedia":[{"embeddable":true,"href":"https:\/\/colimdo.org\/wp-api\/wp\/v2\/media\/129350"}],"wp:attachment":[{"href":"https:\/\/colimdo.org\/wp-api\/wp\/v2\/media?parent=129349"}],"wp:term":[{"taxonomy":"category","embeddable":true,"href":"https:\/\/colimdo.org\/wp-api\/wp\/v2\/categories?post=129349"},{"taxonomy":"post_tag","embeddable":true,"href":"https:\/\/colimdo.org\/wp-api\/wp\/v2\/tags?post=129349"}],"curies":[{"name":"wp","href":"https:\/\/api.w.org\/{rel}","templated":true}]}}