{"id":129418,"date":"2025-04-23T11:51:39","date_gmt":"2025-04-23T11:51:39","guid":{"rendered":"https:\/\/colimdo.org\/?p=129418"},"modified":"2025-04-23T11:51:39","modified_gmt":"2025-04-23T11:51:39","slug":"acondicionan-polideportivo-mario-ortega-para-temporada-lnb","status":"publish","type":"post","link":"https:\/\/colimdo.org\/noticias\/acondicionan-polideportivo-mario-ortega-para-temporada-lnb\/","title":{"rendered":"Acondicionan polideportivo Mario Ortega para temporada LNB"},"content":{"rendered":"<p><strong>SAN FRANCISCO DE MACOR\u00cdS<\/strong>. Los indios de San Francisco remodelaron el polideportivo Mario Ortega\u00a0 del complejo deportivo local con miras a la venidera temporada del basket de la Liga Nacional que est\u00e1 pautada iniciarse el 13 del mes de mayo.<\/p>\n<p>Con una gran inversi\u00f3n la instalaci\u00f3n\u00a0 deportiva luce espectacular para albergar los equipos que intervendr\u00e1n \u00a0en la venidera justa deportiva.<\/p>\n<p>El director provincial de deportes Juan Liberato destac\u00f3 la excelente condiciones que ha quedado la instalaci\u00f3n deportiva.<\/p>\n<p>Explic\u00f3 que el tabloncillo fue completamente reparado y pintado donde luce como el mejor de las restantes ocho instalaciones de las franquicias participantes.<\/p>\n<p>As\u00ed mismo inform\u00f3 que sobre el\u00a0 alumbrado\u00a0 las l\u00e1mparas\u00a0fueron\u00a0\u00a0cambiadas y remodelado\u00a0el\u00a0sistema el\u00e9ctrico\u00a0 al igual que los vestidores de local y visitantes.<\/p>\n<p>\u201cGracias a la familia Rizek y a los Indios Basketball Club que todos los a\u00f1os asumen con mucha responsabilidad la reparaci\u00f3n de la instalaci\u00f3n deportiva.<\/p>\n<p>Valor\u00f3 la gran labor altruista que realiza don Samir Rizek en favor de las instalaciones deportivas\u00a0 del complejo deportivo francomacorisano.<\/p>\n<p>Sostuvo que a\u00f1os tras a\u00f1os la familia Rizek y los Indios Basketball Club les brinda su mano amiga al gobierno central con la reparaci\u00f3n no solamente del pabell\u00f3n bajo techo sino del estadio Juli\u00e1n Javier,<\/p>\n<p>Signific\u00f3 el gran trabajo que despliega la incansable Elizabeth Alvarez alta ejecutiva de la franquicia para que la instalaci\u00f3n deportiva est\u00e9 en \u00f3ptimas condiciones antes del inicio del venidero campeonato.<\/p>\n","protected":false},"excerpt":{"rendered":"<p>SAN FRANCISCO DE MACOR\u00cdS. Los indios de San Francisco remodelaron el polideportivo Mario Ortega\u00a0 del complejo deportivo local con miras a la venidera temporada del basket de la Liga Nacional que est\u00e1 pautada iniciarse el 13 del mes de mayo. Con una gran inversi\u00f3n la instalaci\u00f3n\u00a0 deportiva luce espectacular para albergar los equipos que intervendr\u00e1n [&hellip;]<\/p>\n","protected":false},"author":13,"featured_media":129419,"comment_status":"closed","ping_status":"closed","sticky":false,"template":"","format":"standard","meta":[],"categories":[2,4,60],"tags":[24795],"acf":[],"_links":{"self":[{"href":"https:\/\/colimdo.org\/wp-api\/wp\/v2\/posts\/129418"}],"collection":[{"href":"https:\/\/colimdo.org\/wp-api\/wp\/v2\/posts"}],"about":[{"href":"https:\/\/colimdo.org\/wp-api\/wp\/v2\/types\/post"}],"author":[{"embeddable":true,"href":"https:\/\/colimdo.org\/wp-api\/wp\/v2\/users\/13"}],"replies":[{"embeddable":true,"href":"https:\/\/colimdo.org\/wp-api\/wp\/v2\/comments?post=129418"}],"version-history":[{"count":1,"href":"https:\/\/colimdo.org\/wp-api\/wp\/v2\/posts\/129418\/revisions"}],"predecessor-version":[{"id":129420,"href":"https:\/\/colimdo.org\/wp-api\/wp\/v2\/posts\/129418\/revisions\/129420"}],"wp:featuredmedia":[{"embeddable":true,"href":"https:\/\/colimdo.org\/wp-api\/wp\/v2\/media\/129419"}],"wp:attachment":[{"href":"https:\/\/colimdo.org\/wp-api\/wp\/v2\/media?parent=129418"}],"wp:term":[{"taxonomy":"category","embeddable":true,"href":"https:\/\/colimdo.org\/wp-api\/wp\/v2\/categories?post=129418"},{"taxonomy":"post_tag","embeddable":true,"href":"https:\/\/colimdo.org\/wp-api\/wp\/v2\/tags?post=129418"}],"curies":[{"name":"wp","href":"https:\/\/api.w.org\/{rel}","templated":true}]}}