{"id":129442,"date":"2025-04-25T01:30:57","date_gmt":"2025-04-25T01:30:57","guid":{"rendered":"https:\/\/colimdo.org\/?p=129442"},"modified":"2025-04-25T01:30:57","modified_gmt":"2025-04-25T01:30:57","slug":"abinader-encabeza-reunion-con-comite-santo-domingo-2026","status":"publish","type":"post","link":"https:\/\/colimdo.org\/noticias\/abinader-encabeza-reunion-con-comite-santo-domingo-2026\/","title":{"rendered":"Abinader encabeza reuni\u00f3n con Comit\u00e9 Santo Domingo 2026"},"content":{"rendered":"<p><span style=\"font-style: inherit; font-weight: inherit;\">El presidente Luis Abinader sostuvo una reuni\u00f3n de trabajo con el Comit\u00e9 Organizador de los XXV Juegos Centroamericanos y del Caribe para evaluar los avances en los preparativos del certamen deportivo regional.<\/span><\/p>\n<p><span style=\"font-style: inherit; font-weight: inherit;\">El mandatario recibi\u00f3 un informe pormenorizado por parte del Comit\u00e9 Organizador, as\u00ed como de los funcionarios con responsabilidades de soporte al proceso de organizaci\u00f3n.<\/span><\/p>\n<p><span style=\"font-style: inherit; font-weight: inherit;\">En el encuentro, celebrado en el sal\u00f3n Trinitarios del Palacio Nacional, se pudo comprobar que los trabajos de infraestructura van dentro de lo programado y que la organizaci\u00f3n tambi\u00e9n va conforme a lo establecido en el plan operativo general.<\/span><\/p>\n<p><span style=\"font-style: inherit; font-weight: inherit;\">Al encuentro fueron invitados los ministros de Vivienda y Edificaciones, Carlos Bonilla; de Obras P\u00fablicas, Eduardo Estrella; de Defensa, Carlos Antonio Fern\u00e1ndez Onofre; de Deportes, Kelvin Cruz; de Cultura, Roberto \u00c1ngel Salcedo; y el director de Presupuesto, Jos\u00e9 Rijo.<\/span><\/p>\n<p><span style=\"font-style: inherit; font-weight: inherit;\">Por el Comit\u00e9 Organizador estuvo presente su presidente, Jos\u00e9 P. Monegro, as\u00ed como la alcaldesa del Distrito Nacional, Carolina Mej\u00eda;\u00a0 Garibaldy Bautista, presidente del Comit\u00e9 Ol\u00edmpico Dominicano y vicepresidente del Comit\u00e9 Organizador; el tambi\u00e9n vicepresidente Felipe Vicini; Mercedes Canalda, Fernando Langa, Carlos Iglesia, Jos\u00e9 Manuel Ramos; Andr\u00e9s Vanderhorts y el director ejecutivo del fideicomiso Thom\u00e1s Polanco.<\/span><\/p>\n<p><span style=\"font-style: inherit; font-weight: inherit;\">Como invitado especial del encuentro estuvo Luis Mej\u00eda, \u00fanico dominicano miembro del Comit\u00e9 Ol\u00edmpico Dominicano y actual presidente de Centro Caribe Sports, entidad que rige los Juegos Centroamericanos y del Caribe.<\/span><\/p>\n<p><span style=\"font-style: inherit; font-weight: inherit;\">\u201cEl Gobierno dominicano tiene un fuerte compromiso\u00a0y tenemos que superar las expectativas en torno a nuestras capacidades para organizar grandes eventos, por lo que he dispuesto que todas las entidades gubernamentales se sumen al apoyo necesario\u201d, manifest\u00f3 el presidente.<\/span><\/p>\n<p><span style=\"font-style: inherit; font-weight: inherit;\">Tambi\u00e9n hizo referencia a que ha coordinado con el ministro Kelv\u00edn Cruz que se apoye la preparaci\u00f3n de los atletas para garantizar que tengan una buena participaci\u00f3n en las competencias.<\/span><\/p>\n<p><span style=\"font-style: inherit; font-weight: inherit;\">El presidente Abinader aprob\u00f3 el \u201cMarco de Articulaci\u00f3n Interinstitucional de los XXV Juegos Centroamericanos y del Caribe\u201d que define la integraci\u00f3n de numerosas instituciones p\u00fablicas.<\/span><\/p>\n","protected":false},"excerpt":{"rendered":"<p>El presidente Luis Abinader sostuvo una reuni\u00f3n de trabajo con el Comit\u00e9 Organizador de los XXV Juegos Centroamericanos y del Caribe para evaluar los avances en los preparativos del certamen deportivo regional. El mandatario recibi\u00f3 un informe pormenorizado por parte del Comit\u00e9 Organizador, as\u00ed como de los funcionarios con responsabilidades de soporte al proceso de [&hellip;]<\/p>\n","protected":false},"author":13,"featured_media":129443,"comment_status":"closed","ping_status":"closed","sticky":false,"template":"","format":"standard","meta":[],"categories":[83143,2,60],"tags":[100532],"acf":[],"_links":{"self":[{"href":"https:\/\/colimdo.org\/wp-api\/wp\/v2\/posts\/129442"}],"collection":[{"href":"https:\/\/colimdo.org\/wp-api\/wp\/v2\/posts"}],"about":[{"href":"https:\/\/colimdo.org\/wp-api\/wp\/v2\/types\/post"}],"author":[{"embeddable":true,"href":"https:\/\/colimdo.org\/wp-api\/wp\/v2\/users\/13"}],"replies":[{"embeddable":true,"href":"https:\/\/colimdo.org\/wp-api\/wp\/v2\/comments?post=129442"}],"version-history":[{"count":1,"href":"https:\/\/colimdo.org\/wp-api\/wp\/v2\/posts\/129442\/revisions"}],"predecessor-version":[{"id":129444,"href":"https:\/\/colimdo.org\/wp-api\/wp\/v2\/posts\/129442\/revisions\/129444"}],"wp:featuredmedia":[{"embeddable":true,"href":"https:\/\/colimdo.org\/wp-api\/wp\/v2\/media\/129443"}],"wp:attachment":[{"href":"https:\/\/colimdo.org\/wp-api\/wp\/v2\/media?parent=129442"}],"wp:term":[{"taxonomy":"category","embeddable":true,"href":"https:\/\/colimdo.org\/wp-api\/wp\/v2\/categories?post=129442"},{"taxonomy":"post_tag","embeddable":true,"href":"https:\/\/colimdo.org\/wp-api\/wp\/v2\/tags?post=129442"}],"curies":[{"name":"wp","href":"https:\/\/api.w.org\/{rel}","templated":true}]}}