{"id":129457,"date":"2025-04-27T00:29:59","date_gmt":"2025-04-27T00:29:59","guid":{"rendered":"https:\/\/colimdo.org\/?p=129457"},"modified":"2025-04-27T00:30:20","modified_gmt":"2025-04-27T00:30:20","slug":"barcelona-campeon-de-una-dramatica-copa-del-rey","status":"publish","type":"post","link":"https:\/\/colimdo.org\/noticias\/barcelona-campeon-de-una-dramatica-copa-del-rey\/","title":{"rendered":"Barcelona, Campe\u00f3n de una dram\u00e1tica Copa del Rey"},"content":{"rendered":"<p><strong>SEVILLA<\/strong> . Jules Kound\u00e9, el h\u00e9roe inesperado, el defensa impasible, el secundario de\u00a0Lamine Yamal, le regal\u00f3 al\u00a0Barcelona una Copa del Rey\u00a0dram\u00e1tica en Sevilla, con un ob\u00fas en el minuto 115 en que ya se aventuraban los penaltis. Una final que se llev\u00f3 el Bar\u00e7a en un\u00a0Cl\u00e1sico intenso ante Real Madrid. Una final (3-2) que tuvo todo y de todo.<\/p>\n<p>Y es que fue una\u00a0final de contrastes, condicionada por la impresentable actuaci\u00f3n institucional del\u00a0Real Madrid\u00a0en la previa y que acab\u00f3 afectando al partido en s\u00ed mismo.<\/p>\n<p>El VAR anul\u00f3 en el \u00faltimo suspiro del tiempo regular un penalti, que no era, de\u00a0Ra\u00fal Asencio a Raphinha, despu\u00e9s de haberse abstenido de avisar al \u00e1rbitro de otros dos bastante m\u00e1s claros. Uno de ellos, clamoroso, sobre\u00a0Pau Cubarsi\u00a0en el desemboque del primer tiempo.<\/p>\n<p>El Real Madrid estuvo arrodillado, entregado y casi rendido. Y el Bar\u00e7a no supo ni pudo rematarlo tras el golazo de\u00a0Pedri\u00a0en una primera mitad que muy pronto marc\u00f3 el ritmo: traspasado el primer cuarto de hora la posesi\u00f3n blanca apenas era de un 13 por ciento por el 87 azulgrana. Algo nunca visto en la era moderna del Cl\u00e1sico.<\/p>\n<p>La arrincon\u00f3 el Bar\u00e7a de manera estupenda en el juego y mediocre en el remate hasta que un corte monumental de Cubarsi acab\u00f3 con el bal\u00f3n en los pies de Lamine Yamal en la banda, se rif\u00f3 a\u00a0Fran Garc\u00eda\u00a0y le regal\u00f3 un pase medido, raso, suave y perfecto a Pedri, que desde la frontal telegrafi\u00f3 un ob\u00fas imposible para\u00a0Thibaut Courtois.<\/p>\n<p>Media hora, 1-0 y la sensaci\u00f3n de que el Real, hu\u00e9rfano de un\u00a0Kylian Mbapp\u00e9\u00a0al que no pocos acusaron de borrarse del partido, empezaba a hacer aguas por todos lados. Pero teni\u00e9ndole contra las cuerdas, el Bar\u00e7a no lo supo rematar. Y en un tiro de esquina que fue directamente al poste, excepcional y bestial, nadie atendi\u00f3 al agarr\u00f3n de Asencio a Cubars\u00ed, en un penalti clamoroso del que no quiso saber nada el VAR.<\/p>\n<p><strong>CAMBIO<\/strong><\/p>\n<p>Mbapp\u00e9 decidi\u00f3 presentarse a la final tras el descanso y el Madrid lo agradeci\u00f3. En la misma medida que la extra\u00f1a rebaja de intensidad del Bar\u00e7a dio paso a un partido totalmente distinto.<\/p>\n<p>Wojciech Szczesny\u00a0salv\u00f3 en una doble atajada soberbia a\u00a0Vinicius J\u00fanior\u00a0y el equipo de Ancelotti pas\u00f3 de ser un fantasma a agobiar a ese rival que le hab\u00eda bailado antes. Mejor\u00f3 mucho con la participaci\u00f3n de\u00a0Jude Bellingham\u00a0y la electricidad de Mbapp\u00e9 mientras el Bar\u00e7a se perd\u00eda en errores infantiles, como dos contragolpes tan claros como mal ejecutados. Hasta que lo impensable se convirti\u00f3 en realidad.<\/p>\n<p>Una falta de\u00a0Frenkie de Jong\u00a0a Mbapp\u00e9 en la frontal del \u00e1rea la convirti\u00f3 en gol el propio delantero franc\u00e9s y no mucho despu\u00e9s, 77 minutos, un centro de\u00a0Arda Guler\u00a0lo cabece\u00f3 a la red\u00a0Aur\u00e9lien Tchouam\u00e9ni. Del 1-0 al 1-2, de la euforia azulgrana a la alegr\u00eda incontenida de un Madrid que se ve\u00eda campe\u00f3n.<\/p>\n<p>Pero que no supo comportarse como un equipo campe\u00f3n y cedi\u00f3 terreno y libertad para el pase m\u00e1gico de Lamine Yamal y la piller\u00eda de\u00a0Ferran Torres ante Antonio Rudiger\u00a0y Courtois para igualar nuevamente.<\/p>\n<p>\u00bfPol\u00e9mica final? S\u00ed, por supuesto. Al l\u00edmite consider\u00f3 el \u00e1rbitro penalti una ca\u00edda de Raphinha ante Asencio y el VAR le rectific\u00f3. El VAR que antes no quiso asistir al partido lo hizo entonces. Y, claro, a la pr\u00f3rroga se fue la final, como ocurri\u00f3 en 2011, la noche en que\u00a0Cristiano Ronaldo\u00a0le regal\u00f3 a Mourinho su primer triunfo sobre Guardiola.<\/p>\n<p>De ah\u00ed a la pr\u00f3rroga. A los nervios, al resurgir del Bar\u00e7a, el cansancio del Madrid. Y el golpe final de Kound\u00e9. Y el Bar\u00e7a campe\u00f3n de Copa.<\/p>\n","protected":false},"excerpt":{"rendered":"<p>SEVILLA . Jules Kound\u00e9, el h\u00e9roe inesperado, el defensa impasible, el secundario de\u00a0Lamine Yamal, le regal\u00f3 al\u00a0Barcelona una Copa del Rey\u00a0dram\u00e1tica en Sevilla, con un ob\u00fas en el minuto 115 en que ya se aventuraban los penaltis. Una final que se llev\u00f3 el Bar\u00e7a en un\u00a0Cl\u00e1sico intenso ante Real Madrid. Una final (3-2) que tuvo [&hellip;]<\/p>\n","protected":false},"author":13,"featured_media":129458,"comment_status":"closed","ping_status":"closed","sticky":false,"template":"","format":"standard","meta":[],"categories":[5,2,60],"tags":[77],"acf":[],"_links":{"self":[{"href":"https:\/\/colimdo.org\/wp-api\/wp\/v2\/posts\/129457"}],"collection":[{"href":"https:\/\/colimdo.org\/wp-api\/wp\/v2\/posts"}],"about":[{"href":"https:\/\/colimdo.org\/wp-api\/wp\/v2\/types\/post"}],"author":[{"embeddable":true,"href":"https:\/\/colimdo.org\/wp-api\/wp\/v2\/users\/13"}],"replies":[{"embeddable":true,"href":"https:\/\/colimdo.org\/wp-api\/wp\/v2\/comments?post=129457"}],"version-history":[{"count":1,"href":"https:\/\/colimdo.org\/wp-api\/wp\/v2\/posts\/129457\/revisions"}],"predecessor-version":[{"id":129459,"href":"https:\/\/colimdo.org\/wp-api\/wp\/v2\/posts\/129457\/revisions\/129459"}],"wp:featuredmedia":[{"embeddable":true,"href":"https:\/\/colimdo.org\/wp-api\/wp\/v2\/media\/129458"}],"wp:attachment":[{"href":"https:\/\/colimdo.org\/wp-api\/wp\/v2\/media?parent=129457"}],"wp:term":[{"taxonomy":"category","embeddable":true,"href":"https:\/\/colimdo.org\/wp-api\/wp\/v2\/categories?post=129457"},{"taxonomy":"post_tag","embeddable":true,"href":"https:\/\/colimdo.org\/wp-api\/wp\/v2\/tags?post=129457"}],"curies":[{"name":"wp","href":"https:\/\/api.w.org\/{rel}","templated":true}]}}