{"id":129672,"date":"2025-05-06T18:03:52","date_gmt":"2025-05-06T18:03:52","guid":{"rendered":"https:\/\/colimdo.org\/?p=129672"},"modified":"2025-05-06T18:03:52","modified_gmt":"2025-05-06T18:03:52","slug":"maickol-arnaud-resalta-nivel-panam-mtb-2025-costa-rica","status":"publish","type":"post","link":"https:\/\/colimdo.org\/noticias\/maickol-arnaud-resalta-nivel-panam-mtb-2025-costa-rica\/","title":{"rendered":"Maickol Arnaud resalta nivel Panam MTB 2025 Costa Rica"},"content":{"rendered":"<p><strong>COSTA RICA<\/strong>. El juvenil ciclista Maickol Arnaud tom\u00f3 parte en los Campeonatos Panamericanos de Ciclismo de Monta\u00f1a (MTB) 2025 celebrados recientemente en este pa\u00eds.<\/p>\n<p>El joven talento dominicano del ciclismo de monta\u00f1a, Maickol Arnaud, de tan solo 16 a\u00f1os, ha representado dignamente a la Rep\u00fablica Dominicana en los reci\u00e9n finalizados Campeonatos Panamericanos de Ciclismo de Monta\u00f1a (MTB) 2025, celebrados en Costa Rica, logrando una destacada participaci\u00f3n entre los mejores de los pa\u00edses participantes.<\/p>\n<p>Maickol, de 16 a\u00f1os, y quien compite en la categor\u00eda juvenil, es miembro de la Fundaci\u00f3n Ruedas Libres RD.<\/p>\n<p>El atleta compiti\u00f3 en un exigente circuito, integrado por 62 ciclistas de alto nivel provenientes de potencias del ciclismo mundial, logrando posicionarse en el puesto n\u00famero 30 en su primera experiencia Panamericana como juvenil.<\/p>\n<p>Su participaci\u00f3n en los Campeonatos Panamericanos de Ciclismo de Monta\u00f1a ha sido la tercera experiencia del juvenil ciclista quisqueyo en el \u00e1mbito internacional.<\/p>\n<p>En 2024, cuando a\u00fan compet\u00eda como pre juvenil, el deportista conquist\u00f3 la medalla de bronce en los Campeonatos del Caribe de MTB, consolid\u00e1ndose como una de las j\u00f3venes promesas del ciclismo nacional.<\/p>\n<p>La participaci\u00f3n de Maickol y de la selecci\u00f3n nacional en el Panamericano fue posible gracias al apoyo de la Federaci\u00f3n Dominicana de Ciclismo.<\/p>\n<p>Adem\u00e1s, el joven atleta fue entrenado por Joey Mart\u00ed, y cuenta con el patrocinio permanente de la Fundaci\u00f3n Ruedas Libres RD, Farmacia Maicol y Aleon Sport.<\/p>\n","protected":false},"excerpt":{"rendered":"<p>COSTA RICA. El juvenil ciclista Maickol Arnaud tom\u00f3 parte en los Campeonatos Panamericanos de Ciclismo de Monta\u00f1a (MTB) 2025 celebrados recientemente en este pa\u00eds. El joven talento dominicano del ciclismo de monta\u00f1a, Maickol Arnaud, de tan solo 16 a\u00f1os, ha representado dignamente a la Rep\u00fablica Dominicana en los reci\u00e9n finalizados Campeonatos Panamericanos de Ciclismo de [&hellip;]<\/p>\n","protected":false},"author":13,"featured_media":129673,"comment_status":"closed","ping_status":"closed","sticky":false,"template":"","format":"standard","meta":[],"categories":[39879,2,60],"tags":[80256],"acf":[],"_links":{"self":[{"href":"https:\/\/colimdo.org\/wp-api\/wp\/v2\/posts\/129672"}],"collection":[{"href":"https:\/\/colimdo.org\/wp-api\/wp\/v2\/posts"}],"about":[{"href":"https:\/\/colimdo.org\/wp-api\/wp\/v2\/types\/post"}],"author":[{"embeddable":true,"href":"https:\/\/colimdo.org\/wp-api\/wp\/v2\/users\/13"}],"replies":[{"embeddable":true,"href":"https:\/\/colimdo.org\/wp-api\/wp\/v2\/comments?post=129672"}],"version-history":[{"count":1,"href":"https:\/\/colimdo.org\/wp-api\/wp\/v2\/posts\/129672\/revisions"}],"predecessor-version":[{"id":129674,"href":"https:\/\/colimdo.org\/wp-api\/wp\/v2\/posts\/129672\/revisions\/129674"}],"wp:featuredmedia":[{"embeddable":true,"href":"https:\/\/colimdo.org\/wp-api\/wp\/v2\/media\/129673"}],"wp:attachment":[{"href":"https:\/\/colimdo.org\/wp-api\/wp\/v2\/media?parent=129672"}],"wp:term":[{"taxonomy":"category","embeddable":true,"href":"https:\/\/colimdo.org\/wp-api\/wp\/v2\/categories?post=129672"},{"taxonomy":"post_tag","embeddable":true,"href":"https:\/\/colimdo.org\/wp-api\/wp\/v2\/tags?post=129672"}],"curies":[{"name":"wp","href":"https:\/\/api.w.org\/{rel}","templated":true}]}}