{"id":129696,"date":"2025-05-07T16:10:02","date_gmt":"2025-05-07T16:10:02","guid":{"rendered":"https:\/\/colimdo.org\/?p=129696"},"modified":"2025-05-07T16:56:11","modified_gmt":"2025-05-07T16:56:11","slug":"union-deportiva-de-nueva-york-anuncia-juegos-de-verano-2025","status":"publish","type":"post","link":"https:\/\/colimdo.org\/noticias\/union-deportiva-de-nueva-york-anuncia-juegos-de-verano-2025\/","title":{"rendered":"Uni\u00f3n Deportiva de Nueva York anuncia Juegos de Verano 2025"},"content":{"rendered":"<p><strong>SANTO DOMINGO<\/strong>. La Uni\u00f3n Deportiva Dominicana en Nueva York (UDEDONY) anunci\u00f3 oficialmente la celebraci\u00f3n de los Juegos de Verano 2025, a llevarse a cabo cada fin de semana del 7 de junio al 15 de julio con la participaci\u00f3n de delegaciones provenientes de las 27 asociaciones de los cinco condados de la Gran Manzana.<\/p>\n<p>La informaci\u00f3n la dio a conocer, en rueda de prensa, la directiva en pleno de la UDEDONY, que preside el dirigente deportivo Evaristo Madrigal, quien destac\u00f3 que la log\u00edstica del montaje de la cita multideportiva avanza satisfactoriamente.<\/p>\n<p>La rueda de prensa se llev\u00f3 a cabo en el sal\u00f3n de actividades del Club Deportivo Grand Slam, ubicado en la 478 East Tremont Ave., donde Madrigal inform\u00f3 en algo m\u00e1s de dos mil atletas competir\u00e1n en diferentes disciplinas deportivas.<\/p>\n<p>El titular de la UDEDONY, acompa\u00f1ado de los dem\u00e1s directivos de la entidad, manifest\u00f3 que los Juegos de Verano 2025 se llevar\u00e1n a cabo durante el mes de junio en parques, escuelas y colegios de toda la ciudad neuyorquina con el prop\u00f3sito de brindar espacios seguros de recreaci\u00f3n y de competencias para los j\u00f3venes.<\/p>\n<p>La cita multideportiva tendr\u00e1 una dedicatoria especial para la l\u00edder comunitaria Nury D`Oleo, y al ic\u00f3nico dirigente deportivo internacional Luis Mej\u00eda Oviedo, presidente de Centro Caribe Sport y miembro del Comit\u00e9 Ol\u00edmpico Internacional (COI).<\/p>\n<p>Madrigal tuvo palabras de agradecimiento a la representante de la Asociaci\u00f3n de B\u00e9isbol, Belkys Lora, por las facilidades de las instalaciones para la celebraci\u00f3n del encuentro con la prensa.<\/p>\n<p>El presidente de UDEDONY dijo adem\u00e1s que la entidad que dirige trabaja en la log\u00edstica de captaci\u00f3n de recursos para llevar a cabo la celebraci\u00f3n del encuentro multideportivo.<\/p>\n<p>En la concurrida actividad estuvieron adem\u00e1s los miembros de la directiva de UDEDONY, entre ellos Jos\u00e9 Ortiz, Kerlyn Pichardo, Andr\u00e9s Rodr\u00edguez, Belkys Lora, Fausto de la Cruz, Rafael Sosa, as\u00ed como asesores y l\u00edderes de las asociaciones deportivas afiliadas a la entidad.<\/p>\n<p>&nbsp;<\/p>\n<p><strong>UNIOR DEP. NUEVA YORK<\/strong><\/p>\n<p>Fausto de la Cruz, Kerlin Pichardo, Jos\u00e9 Ortiz, Evaristo Madrigal, Belkys Lora, Andr\u00e9s Rodr\u00edguez y Rafael Sosa.<\/p>\n","protected":false},"excerpt":{"rendered":"<p>SANTO DOMINGO. La Uni\u00f3n Deportiva Dominicana en Nueva York (UDEDONY) anunci\u00f3 oficialmente la celebraci\u00f3n de los Juegos de Verano 2025, a llevarse a cabo cada fin de semana del 7 de junio al 15 de julio con la participaci\u00f3n de delegaciones provenientes de las 27 asociaciones de los cinco condados de la Gran Manzana. La [&hellip;]<\/p>\n","protected":false},"author":13,"featured_media":129697,"comment_status":"closed","ping_status":"closed","sticky":false,"template":"","format":"standard","meta":[],"categories":[5,2,60],"tags":[100735],"acf":[],"_links":{"self":[{"href":"https:\/\/colimdo.org\/wp-api\/wp\/v2\/posts\/129696"}],"collection":[{"href":"https:\/\/colimdo.org\/wp-api\/wp\/v2\/posts"}],"about":[{"href":"https:\/\/colimdo.org\/wp-api\/wp\/v2\/types\/post"}],"author":[{"embeddable":true,"href":"https:\/\/colimdo.org\/wp-api\/wp\/v2\/users\/13"}],"replies":[{"embeddable":true,"href":"https:\/\/colimdo.org\/wp-api\/wp\/v2\/comments?post=129696"}],"version-history":[{"count":6,"href":"https:\/\/colimdo.org\/wp-api\/wp\/v2\/posts\/129696\/revisions"}],"predecessor-version":[{"id":129703,"href":"https:\/\/colimdo.org\/wp-api\/wp\/v2\/posts\/129696\/revisions\/129703"}],"wp:featuredmedia":[{"embeddable":true,"href":"https:\/\/colimdo.org\/wp-api\/wp\/v2\/media\/129697"}],"wp:attachment":[{"href":"https:\/\/colimdo.org\/wp-api\/wp\/v2\/media?parent=129696"}],"wp:term":[{"taxonomy":"category","embeddable":true,"href":"https:\/\/colimdo.org\/wp-api\/wp\/v2\/categories?post=129696"},{"taxonomy":"post_tag","embeddable":true,"href":"https:\/\/colimdo.org\/wp-api\/wp\/v2\/tags?post=129696"}],"curies":[{"name":"wp","href":"https:\/\/api.w.org\/{rel}","templated":true}]}}