{"id":129713,"date":"2025-05-08T03:13:38","date_gmt":"2025-05-08T03:13:38","guid":{"rendered":"https:\/\/colimdo.org\/?p=129713"},"modified":"2025-05-08T03:13:46","modified_gmt":"2025-05-08T03:13:46","slug":"cristian-pinales-debutara-en-el-boxeo-profesional-este-mes","status":"publish","type":"post","link":"https:\/\/colimdo.org\/noticias\/cristian-pinales-debutara-en-el-boxeo-profesional-este-mes\/","title":{"rendered":"Cristian Pinales debutar\u00e1 en el boxeo profesional este mes"},"content":{"rendered":"<p><strong>SANTO DOMINGO<\/strong>. Cristian Pinales, el dominicano que gan\u00f3 medalla de bronce en los Juegos Ol\u00edmpicos Par\u00eds 2024, debutar\u00e1 en el boxeo profesional en el marco de una cartelera que marcar\u00e1 el retorno al cuadril\u00e1tero de Norberto \u201cMeneito\u201d Jim\u00e9nez.<\/p>\n<p>El evento, de corte internacional, est\u00e1 pautado para celebrarse el 17 de este mes en el Pabell\u00f3n de Karate del Centro Ol\u00edmpico Juan Pablo Duarte.<\/p>\n<p>El anuncio oficial fue realizado por B\u00e9lgica Pe\u00f1a, presidenta de Shuan Boxing, promotora dominicana que organiza la cartelera conjuntamente con The King Of Boxing.<\/p>\n<p>\u201cHemos estructurado una cartelera en base a peleas muy equilibradas y atractivas, para mantener a los amantes del boxeo en expectativa desde el inicio hasta el final\u201d, plante\u00f3.<\/p>\n<p>Cit\u00f3 el caso de Pinales, uno de tres dominicanos que ganaron medallas en los Juegos Ol\u00edmpicos, quien decidi\u00f3 dar el salto al boxeo profesional y lo har\u00e1 en ese evento.<\/p>\n<p>Pinales tendr\u00e1 de frente a Reynaldo \u201cTiki\u201d Acevedo, un venezolano que ha establecido residencia en Rep\u00fablica Dominicana y con gran experiencia en MMA (Artes Marciales Mixtas), deporte del que ha sido campe\u00f3n internacional.<\/p>\n<p>\u201cMi carrera profesional iniciar\u00e1 por donde ten\u00eda que ser, por mi amada Rep\u00fablica Dominicana\u201d, declar\u00f3 Pinales, quien tambi\u00e9n es ganador de medalla de oro en los Juegos Centroamericanos y del Caribe San Salvador 2023.<\/p>\n<p>Pinales a\u00f1adi\u00f3 que el combate que marcar\u00e1 su debut profesional representa un gran reto, consciente de que recibir\u00e1, como siempre, el respaldo del pueblo dominicano, al que ha representado internacionalmente con mucha dignidad.<\/p>\n<p><strong>\u201cMene\u00edto\u201d Jim\u00e9nez<\/strong><\/p>\n<p>El turno estelar de la cartelera est\u00e1 reservado para el combate que protagonizar\u00e1n el veterano dominicano Norberto \u201cMene\u00edto\u201d Jim\u00e9nez y su compatriota Marcelino Nieves, quien est\u00e1 invicto como profesional, con 19-0 y 13 triunfos por la v\u00eda del nocaut.<\/p>\n<p>\u201cEstoy consciente de que tendr\u00e1 de rival a un boxeador que lleva una excelente carrera\u201d, reconoci\u00f3 \u201cMene\u00edto\u201d Jim\u00e9nez. \u201cPero anticip\u00f3 que hasta el 17 de este mes llegar\u00e1 el invicto de Nieves\u201d, agreg\u00f3 el veterano boxeador, quien tiene la experiencia de haber combatido en dos ocasiones por el t\u00edtulo mundial y que posee r\u00e9cord de 34 victorias, con 18 nocauts, once derrotas y seis empates.<\/p>\n<p>En el mismo evento tambi\u00e9n accionar\u00e1 Jos\u00e9 Luis De los Santos, un ex miembro de la selecci\u00f3n nacional, as\u00ed como el invicto F\u00e9lix Batista, quien subir\u00e1 al ring para enfrentar a Dikember Rodr\u00edguez.<\/p>\n","protected":false},"excerpt":{"rendered":"<p>SANTO DOMINGO. Cristian Pinales, el dominicano que gan\u00f3 medalla de bronce en los Juegos Ol\u00edmpicos Par\u00eds 2024, debutar\u00e1 en el boxeo profesional en el marco de una cartelera que marcar\u00e1 el retorno al cuadril\u00e1tero de Norberto \u201cMeneito\u201d Jim\u00e9nez. El evento, de corte internacional, est\u00e1 pautado para celebrarse el 17 de este mes en el Pabell\u00f3n [&hellip;]<\/p>\n","protected":false},"author":13,"featured_media":129714,"comment_status":"closed","ping_status":"closed","sticky":false,"template":"","format":"standard","meta":[],"categories":[83143,2,60],"tags":[24683],"acf":[],"_links":{"self":[{"href":"https:\/\/colimdo.org\/wp-api\/wp\/v2\/posts\/129713"}],"collection":[{"href":"https:\/\/colimdo.org\/wp-api\/wp\/v2\/posts"}],"about":[{"href":"https:\/\/colimdo.org\/wp-api\/wp\/v2\/types\/post"}],"author":[{"embeddable":true,"href":"https:\/\/colimdo.org\/wp-api\/wp\/v2\/users\/13"}],"replies":[{"embeddable":true,"href":"https:\/\/colimdo.org\/wp-api\/wp\/v2\/comments?post=129713"}],"version-history":[{"count":1,"href":"https:\/\/colimdo.org\/wp-api\/wp\/v2\/posts\/129713\/revisions"}],"predecessor-version":[{"id":129715,"href":"https:\/\/colimdo.org\/wp-api\/wp\/v2\/posts\/129713\/revisions\/129715"}],"wp:featuredmedia":[{"embeddable":true,"href":"https:\/\/colimdo.org\/wp-api\/wp\/v2\/media\/129714"}],"wp:attachment":[{"href":"https:\/\/colimdo.org\/wp-api\/wp\/v2\/media?parent=129713"}],"wp:term":[{"taxonomy":"category","embeddable":true,"href":"https:\/\/colimdo.org\/wp-api\/wp\/v2\/categories?post=129713"},{"taxonomy":"post_tag","embeddable":true,"href":"https:\/\/colimdo.org\/wp-api\/wp\/v2\/tags?post=129713"}],"curies":[{"name":"wp","href":"https:\/\/api.w.org\/{rel}","templated":true}]}}