{"id":129854,"date":"2025-05-13T19:35:46","date_gmt":"2025-05-13T19:35:46","guid":{"rendered":"https:\/\/colimdo.org\/?p=129854"},"modified":"2025-05-13T19:36:06","modified_gmt":"2025-05-13T19:36:06","slug":"tiki-acevedo-rival-de-cristian-pinales-en-debut-boxeo-profesional","status":"publish","type":"post","link":"https:\/\/colimdo.org\/noticias\/tiki-acevedo-rival-de-cristian-pinales-en-debut-boxeo-profesional\/","title":{"rendered":"Tiki\u201d Acevedo, rival de Cristian Pinales en debut boxeo profesional"},"content":{"rendered":"<p>El dominicano Reynaldo \u201cTiki\u201d Acevedo, un campe\u00f3n internacional de Artes Marciales Mixtas (MMA), ser\u00e1 el rival que pondr\u00e1 a prueba al medallista ol\u00edmpico Cristian Pinales en su debut en el boxeo profesional.<\/p>\n<p>\u201cTiki\u201d Acevedo y Pinales protagonizar\u00e1n uno de los combates de la cartelera internacional a celebrarse el pr\u00f3ximo s\u00e1bado en el Pabell\u00f3n de Karate del Centro Ol\u00edmpico Juan Pablo Duarte y que organizan las promotoras dominicanas Shuan Boxing y The King Of Boxing.<\/p>\n<p>Acevedo es un veterano en las Artes Marciales Mixtas que se alz\u00f3 con el t\u00edtulo mundial Fighting Force del peso semipesado luego de vencer\u00a0 a\u00a0 \u00d3scar \u201cHierro\u201d Sosa por decisi\u00f3n un\u00e1nime en cinco rounds.<\/p>\n<p>Pinales, ganador de medalla de bronce en los Juegos Ol\u00edmpicos Par\u00eds 2024, decidi\u00f3 dar el salto al boxeo profesional despu\u00e9s de agotar una exitosa carrera amateur.<\/p>\n<p>Adem\u00e1s de medalla ol\u00edmpica, Pinales conquist\u00f3 la presea de oro en los Juegos Centroamericanos y del Caribe San Salvador 2023.<\/p>\n<p>El nativo de La Romana ha declarado que tom\u00f3 la decisi\u00f3n de hacer su debut profesional en Rep\u00fablica Dominicana, pa\u00eds al que represent\u00f3 con dignidad y decoro en las diferentes competencias internacionales.<\/p>\n<p>\u201cDespu\u00e9s de mi debut profesional en mi pa\u00eds me radicar\u00e9 en Estados Unidos, donde firm\u00e9 contrato por cuatro a\u00f1os con una promotora estadounidense\u201d, dijo.<\/p>\n<p>La pelea del debut de Pinales formar\u00e1 parte de una cartelera internacional cuyo turno estelar est\u00e1 reservado al combate que\u00a0 protagonizar\u00e1n el experimentado Norberto \u201cMene\u00edto\u201d Jim\u00e9nez y el invicto Marcelino \u201cEl Mudo\u201d Nieves.<\/p>\n<p>B\u00e9lgica Pe\u00f1a, presidenta de Shuan Boxing, ha expuesto que ser\u00e1 una cartelera repleta de buenas peleas, y que los fan\u00e1ticos podr\u00e1n disfrutarla desde el inicio hasta el final.<\/p>\n<p>&nbsp;<\/p>\n<p>&nbsp;<\/p>\n<p>&nbsp;<\/p>\n","protected":false},"excerpt":{"rendered":"<p>El dominicano Reynaldo \u201cTiki\u201d Acevedo, un campe\u00f3n internacional de Artes Marciales Mixtas (MMA), ser\u00e1 el rival que pondr\u00e1 a prueba al medallista ol\u00edmpico Cristian Pinales en su debut en el boxeo profesional. \u201cTiki\u201d Acevedo y Pinales protagonizar\u00e1n uno de los combates de la cartelera internacional a celebrarse el pr\u00f3ximo s\u00e1bado en el Pabell\u00f3n de Karate [&hellip;]<\/p>\n","protected":false},"author":13,"featured_media":129855,"comment_status":"closed","ping_status":"closed","sticky":false,"template":"","format":"standard","meta":[],"categories":[83143,2,60],"tags":[24683],"acf":[],"_links":{"self":[{"href":"https:\/\/colimdo.org\/wp-api\/wp\/v2\/posts\/129854"}],"collection":[{"href":"https:\/\/colimdo.org\/wp-api\/wp\/v2\/posts"}],"about":[{"href":"https:\/\/colimdo.org\/wp-api\/wp\/v2\/types\/post"}],"author":[{"embeddable":true,"href":"https:\/\/colimdo.org\/wp-api\/wp\/v2\/users\/13"}],"replies":[{"embeddable":true,"href":"https:\/\/colimdo.org\/wp-api\/wp\/v2\/comments?post=129854"}],"version-history":[{"count":1,"href":"https:\/\/colimdo.org\/wp-api\/wp\/v2\/posts\/129854\/revisions"}],"predecessor-version":[{"id":129856,"href":"https:\/\/colimdo.org\/wp-api\/wp\/v2\/posts\/129854\/revisions\/129856"}],"wp:featuredmedia":[{"embeddable":true,"href":"https:\/\/colimdo.org\/wp-api\/wp\/v2\/media\/129855"}],"wp:attachment":[{"href":"https:\/\/colimdo.org\/wp-api\/wp\/v2\/media?parent=129854"}],"wp:term":[{"taxonomy":"category","embeddable":true,"href":"https:\/\/colimdo.org\/wp-api\/wp\/v2\/categories?post=129854"},{"taxonomy":"post_tag","embeddable":true,"href":"https:\/\/colimdo.org\/wp-api\/wp\/v2\/tags?post=129854"}],"curies":[{"name":"wp","href":"https:\/\/api.w.org\/{rel}","templated":true}]}}