{"id":129883,"date":"2025-05-14T17:58:48","date_gmt":"2025-05-14T17:58:48","guid":{"rendered":"https:\/\/colimdo.org\/?p=129883"},"modified":"2025-05-14T17:58:48","modified_gmt":"2025-05-14T17:58:48","slug":"pioneros-completa-clasificados-a-semis-basket-ii-division-dn","status":"publish","type":"post","link":"https:\/\/colimdo.org\/noticias\/pioneros-completa-clasificados-a-semis-basket-ii-division-dn\/","title":{"rendered":"Pioneros completa clasificados a semis basket II Divisi\u00f3n DN"},"content":{"rendered":"<p>SANTO DOMINGO.- El club Los Pioneros consigui\u00f3 este martes la \u00faltima plaza a la serie semifinal del III Torneo de Baloncesto de Segunda Divisi\u00f3n Jos\u00e9 Heredia Castillo (Corporancito), que tiene en opci\u00f3n a la Copa Seaboard \u201cEnerg\u00eda Limpia\u201d.<\/p>\n<p>La escuadra de Villas Agr\u00edcolas le gan\u00f3 el duelo al club Deportivo La Fe, 99-87, en el partido que defini\u00f3 la plaza faltante a la semifinal, celebrado en el polideportivo del club San Carlos.<\/p>\n<p>Los l\u00edderes ofensivos fueron Jefry Abreu y Eddy Mercedes cada uno con cifras dobles de 28 y 24 puntos, con 11 rebotes y 12 asistencias, respectivamente, Brayan Fern\u00e1ndez 15 unidades, Kevin Jim\u00e9nez 14 encestes y C\u00e9sar Rosario convirti\u00f3 12 tantos y atrap\u00f3 12 balones.<\/p>\n<p>En el rev\u00e9s de La Fe se destacaron Kelvin Arias con 34 puntos y seis rebotes, Jos\u00e9 Rodr\u00edguez 21 d\u00edgitos y \u00c1ngel Chalas aport\u00f3 nueve unidades y nueve balones capturados.<\/p>\n<p>Los Pioneros se adue\u00f1aron del primer lugar en el grupo B con registro de 4-1, y avanz\u00f3 a los playoffs semifinales junto a los Reales del Caliche (3-2), y en el cruce chocar\u00e1n ante el Rafael Le\u00f3nidas Solano (4-1), que qued\u00f3 en segundo lugar del grupo A, en una serie A, a un 3-2.<\/p>\n<p>Esta serie A iniciar\u00e1 el jueves a las 6:30 de la tarde, en el techado del club San Carlos, y a las 8:00 de la noche, arrancar\u00e1 la serie B de la etapa semifinal, tambi\u00e9n a un 3-2, entre Villa Francisca (4-1), l\u00edder del grupo A, que enfrentar\u00e1 a Reales del Caliche (3-2), en el grupo B.<\/p>\n<p>Los ganadores de las dos series avanzar\u00edan a la ronda final, que estar\u00e1 programada a un 5-3.<\/p>\n<p>El certamen es organizado por la Asociaci\u00f3n de Baloncesto del Distrito Nacional (Abadina), que preside el coronel Diego Pesqueira, vocero de la Polic\u00eda Nacional, con la coordinaci\u00f3n general de Edwin Castillo (Tatico), y la direcci\u00f3n t\u00e9cnica a cargo de Carlos Ger\u00f3nimo.<\/p>\n","protected":false},"excerpt":{"rendered":"<p>SANTO DOMINGO.- El club Los Pioneros consigui\u00f3 este martes la \u00faltima plaza a la serie semifinal del III Torneo de Baloncesto de Segunda Divisi\u00f3n Jos\u00e9 Heredia Castillo (Corporancito), que tiene en opci\u00f3n a la Copa Seaboard \u201cEnerg\u00eda Limpia\u201d. La escuadra de Villas Agr\u00edcolas le gan\u00f3 el duelo al club Deportivo La Fe, 99-87, en el [&hellip;]<\/p>\n","protected":false},"author":13,"featured_media":129884,"comment_status":"closed","ping_status":"closed","sticky":false,"template":"","format":"standard","meta":[],"categories":[83143,2,60],"tags":[24795],"acf":[],"_links":{"self":[{"href":"https:\/\/colimdo.org\/wp-api\/wp\/v2\/posts\/129883"}],"collection":[{"href":"https:\/\/colimdo.org\/wp-api\/wp\/v2\/posts"}],"about":[{"href":"https:\/\/colimdo.org\/wp-api\/wp\/v2\/types\/post"}],"author":[{"embeddable":true,"href":"https:\/\/colimdo.org\/wp-api\/wp\/v2\/users\/13"}],"replies":[{"embeddable":true,"href":"https:\/\/colimdo.org\/wp-api\/wp\/v2\/comments?post=129883"}],"version-history":[{"count":1,"href":"https:\/\/colimdo.org\/wp-api\/wp\/v2\/posts\/129883\/revisions"}],"predecessor-version":[{"id":129885,"href":"https:\/\/colimdo.org\/wp-api\/wp\/v2\/posts\/129883\/revisions\/129885"}],"wp:featuredmedia":[{"embeddable":true,"href":"https:\/\/colimdo.org\/wp-api\/wp\/v2\/media\/129884"}],"wp:attachment":[{"href":"https:\/\/colimdo.org\/wp-api\/wp\/v2\/media?parent=129883"}],"wp:term":[{"taxonomy":"category","embeddable":true,"href":"https:\/\/colimdo.org\/wp-api\/wp\/v2\/categories?post=129883"},{"taxonomy":"post_tag","embeddable":true,"href":"https:\/\/colimdo.org\/wp-api\/wp\/v2\/tags?post=129883"}],"curies":[{"name":"wp","href":"https:\/\/api.w.org\/{rel}","templated":true}]}}