{"id":130050,"date":"2025-05-22T17:09:30","date_gmt":"2025-05-22T17:09:30","guid":{"rendered":"https:\/\/colimdo.org\/?p=130050"},"modified":"2025-05-22T17:09:30","modified_gmt":"2025-05-22T17:09:30","slug":"lnb-reprograma-los-partidos-pospuestos-por-mal-tiempo","status":"publish","type":"post","link":"https:\/\/colimdo.org\/noticias\/lnb-reprograma-los-partidos-pospuestos-por-mal-tiempo\/","title":{"rendered":"LNB reprograma los partidos pospuestos por mal tiempo"},"content":{"rendered":"<p>SANTO DOMINGO.-\u00a0La Liga Nacional de Baloncesto inform\u00f3 este jueves las nuevas fechas para los partidos que fueron pospuestos el 16 y el 17 de mayo, por condiciones clim\u00e1ticas adversas.<\/p>\n<p>El partido entre los Leones de Santo Domingo y los Indios de San Francisco de Macor\u00eds que debi\u00f3 celebrarse el 17 de mayo en el Club Mauricio B\u00e1ez de la capital, ahora ser\u00e1 el domingo primero de junio en la misma sede.<\/p>\n<p>Asimismo, el duelo entre los Ca\u00f1eros del Este y los Reales de La Vega del 16 de mayo en el Polideportivo Eleoncio Mercedes, ha pasado al lunes 9 de junio en La Romana.<\/p>\n<p><strong>Jornada de este viernes<\/strong><\/p>\n<p>Los Leones recibir\u00e1n a los Metros de Santiago a las 8:00 de la noche en el Club Mauricio B\u00e1ez, con el ingrediente de que Juan Guerrero (Metros) enfrentar\u00e1 por primera vez a su antiguo equipo, luego del cambio realizado entre ambas franquicias en el receso de campa\u00f1a, al igual que Eloy Vargas (Leones).<\/p>\n<p>Tambi\u00e9n habr\u00e1 acci\u00f3n en el Polideportivo Rolando Ram\u00edrez de San Pedro de Macor\u00eds, con los Ca\u00f1eros del Este visitando a los Soles del Este, en el primer duelo regional entre ambos equipos.<\/p>\n","protected":false},"excerpt":{"rendered":"<p>SANTO DOMINGO.-\u00a0La Liga Nacional de Baloncesto inform\u00f3 este jueves las nuevas fechas para los partidos que fueron pospuestos el 16 y el 17 de mayo, por condiciones clim\u00e1ticas adversas. El partido entre los Leones de Santo Domingo y los Indios de San Francisco de Macor\u00eds que debi\u00f3 celebrarse el 17 de mayo en el Club [&hellip;]<\/p>\n","protected":false},"author":13,"featured_media":130051,"comment_status":"closed","ping_status":"closed","sticky":false,"template":"","format":"standard","meta":[],"categories":[83143,2,60],"tags":[79887],"acf":[],"_links":{"self":[{"href":"https:\/\/colimdo.org\/wp-api\/wp\/v2\/posts\/130050"}],"collection":[{"href":"https:\/\/colimdo.org\/wp-api\/wp\/v2\/posts"}],"about":[{"href":"https:\/\/colimdo.org\/wp-api\/wp\/v2\/types\/post"}],"author":[{"embeddable":true,"href":"https:\/\/colimdo.org\/wp-api\/wp\/v2\/users\/13"}],"replies":[{"embeddable":true,"href":"https:\/\/colimdo.org\/wp-api\/wp\/v2\/comments?post=130050"}],"version-history":[{"count":1,"href":"https:\/\/colimdo.org\/wp-api\/wp\/v2\/posts\/130050\/revisions"}],"predecessor-version":[{"id":130052,"href":"https:\/\/colimdo.org\/wp-api\/wp\/v2\/posts\/130050\/revisions\/130052"}],"wp:featuredmedia":[{"embeddable":true,"href":"https:\/\/colimdo.org\/wp-api\/wp\/v2\/media\/130051"}],"wp:attachment":[{"href":"https:\/\/colimdo.org\/wp-api\/wp\/v2\/media?parent=130050"}],"wp:term":[{"taxonomy":"category","embeddable":true,"href":"https:\/\/colimdo.org\/wp-api\/wp\/v2\/categories?post=130050"},{"taxonomy":"post_tag","embeddable":true,"href":"https:\/\/colimdo.org\/wp-api\/wp\/v2\/tags?post=130050"}],"curies":[{"name":"wp","href":"https:\/\/api.w.org\/{rel}","templated":true}]}}