{"id":130606,"date":"2025-06-19T18:10:36","date_gmt":"2025-06-19T18:10:36","guid":{"rendered":"https:\/\/colimdo.org\/?p=130606"},"modified":"2025-06-19T18:10:54","modified_gmt":"2025-06-19T18:10:54","slug":"siembra-de-arboles-iniciara-dia-olimpico-este-sabado-en-la-romana","status":"publish","type":"post","link":"https:\/\/colimdo.org\/noticias\/siembra-de-arboles-iniciara-dia-olimpico-este-sabado-en-la-romana\/","title":{"rendered":"Siembra de \u00e1rboles iniciar\u00e1 D\u00eda Ol\u00edmpico este s\u00e1bado en La Romana"},"content":{"rendered":"<p><strong>SANTO DOMINGO<\/strong>. Con la tradicional siembra de \u00e1rboles, el Comit\u00e9 Ol\u00edmpico Dominicano (COD) dar\u00e1 inicio a la celebraci\u00f3n del D\u00eda Ol\u00edmpico en la provincia La Romana, en ocasi\u00f3n del 131 aniversario de fundado del Comit\u00e9 Ol\u00edmpico Internacional (COI).<\/p>\n<p>La plantaci\u00f3n de \u00e1rboles, que se realizar\u00e1 en el Complejo Deportivo Pedro Julio Nolasco, est\u00e1 pautada para las 8:30 de la ma\u00f1ana, con la participaci\u00f3n de las autoridades del COD, Ministerio de Deportes, Comisi\u00f3n Provincial de Medio Ambiente de La Romana, y otras organizaciones invitadas.<\/p>\n<p>Para las 10:00 de la ma\u00f1ana se llevar\u00e1 a cabo la \u201cCaminata Ol\u00edmpica\u201d, la cual partir\u00e1 desde la Rotonda e incluir\u00e1 un recorrido por la calle Santa Rosa de Lima y culminar\u00e1 en el Club Deportivo y Cultural Virgilio Castillo (Chola), donde se har\u00e1 el acto protocolar, con la intervenci\u00f3n de las autoridades, as\u00ed como algunas distinciones.<\/p>\n<p>El D\u00eda Ol\u00edmpico, que es posible al apoyo del programa Solidaridad Ol\u00edmpica, con la coordinaci\u00f3n de la Academia Ol\u00edmpica, contempla adem\u00e1s la celebraci\u00f3n de un panel a cargo de la Comisi\u00f3n Mujer y Deporte, as\u00ed como una exhibici\u00f3n de varios deportes y actividad art\u00edstica-cultural desde las 11:30 de la ma\u00f1ana.<\/p>\n<p>La celebraci\u00f3n del D\u00eda Ol\u00edmpico evoca el esp\u00edritu ol\u00edmpico, que significa renovar la alegr\u00eda que genera el deporte, su vinculaci\u00f3n con el medio ambiente, la educaci\u00f3n y la juventud.<\/p>\n<p>Entre las entidades que se han sumado para hacer posible el D\u00eda Ol\u00edmpico en La Romana figura Uni\u00f3n Deportiva de La Romana (UDERO), Club Virgilio Castillo (CHOLA), Ministerio de Deportes, Ayuntamiento Municipal de La Romana, La Gobernaci\u00f3n, Comedores Econ\u00f3micos, Direcci\u00f3n Provincial de Medio Ambiente, Cuerpo de Bomberos Municipal, Defensa Civil, Centro Educativo Fernando Ure\u00f1a Rib, Universidad Central del Este, Direcci\u00f3n de Educaci\u00f3n Modalidad en Artes (DEMA), y Ministerio de Educaci\u00f3n.<\/p>\n","protected":false},"excerpt":{"rendered":"<p>SANTO DOMINGO. Con la tradicional siembra de \u00e1rboles, el Comit\u00e9 Ol\u00edmpico Dominicano (COD) dar\u00e1 inicio a la celebraci\u00f3n del D\u00eda Ol\u00edmpico en la provincia La Romana, en ocasi\u00f3n del 131 aniversario de fundado del Comit\u00e9 Ol\u00edmpico Internacional (COI). La plantaci\u00f3n de \u00e1rboles, que se realizar\u00e1 en el Complejo Deportivo Pedro Julio Nolasco, est\u00e1 pautada para [&hellip;]<\/p>\n","protected":false},"author":13,"featured_media":130607,"comment_status":"closed","ping_status":"closed","sticky":false,"template":"","format":"standard","meta":[],"categories":[3,2,60],"tags":[79],"acf":[],"_links":{"self":[{"href":"https:\/\/colimdo.org\/wp-api\/wp\/v2\/posts\/130606"}],"collection":[{"href":"https:\/\/colimdo.org\/wp-api\/wp\/v2\/posts"}],"about":[{"href":"https:\/\/colimdo.org\/wp-api\/wp\/v2\/types\/post"}],"author":[{"embeddable":true,"href":"https:\/\/colimdo.org\/wp-api\/wp\/v2\/users\/13"}],"replies":[{"embeddable":true,"href":"https:\/\/colimdo.org\/wp-api\/wp\/v2\/comments?post=130606"}],"version-history":[{"count":1,"href":"https:\/\/colimdo.org\/wp-api\/wp\/v2\/posts\/130606\/revisions"}],"predecessor-version":[{"id":130608,"href":"https:\/\/colimdo.org\/wp-api\/wp\/v2\/posts\/130606\/revisions\/130608"}],"wp:featuredmedia":[{"embeddable":true,"href":"https:\/\/colimdo.org\/wp-api\/wp\/v2\/media\/130607"}],"wp:attachment":[{"href":"https:\/\/colimdo.org\/wp-api\/wp\/v2\/media?parent=130606"}],"wp:term":[{"taxonomy":"category","embeddable":true,"href":"https:\/\/colimdo.org\/wp-api\/wp\/v2\/categories?post=130606"},{"taxonomy":"post_tag","embeddable":true,"href":"https:\/\/colimdo.org\/wp-api\/wp\/v2\/tags?post=130606"}],"curies":[{"name":"wp","href":"https:\/\/api.w.org\/{rel}","templated":true}]}}