{"id":130920,"date":"2025-07-07T18:35:28","date_gmt":"2025-07-07T18:35:28","guid":{"rendered":"https:\/\/colimdo.org\/?p=130920"},"modified":"2025-07-07T18:35:28","modified_gmt":"2025-07-07T18:35:28","slug":"liga-deportiva-quezada-inaugura-ix-torneo-de-verano-2025","status":"publish","type":"post","link":"https:\/\/colimdo.org\/noticias\/liga-deportiva-quezada-inaugura-ix-torneo-de-verano-2025\/","title":{"rendered":"Liga Deportiva Quezada inaugura IX torneo de Verano 2025"},"content":{"rendered":"<p>Santo Domingo. La Liga Deportiva Quezada dej\u00f3 inaugurado la novena versi\u00f3n de su torneo de verano 2025 el cual tiene especial dedicatoria al presidente de la asociaci\u00f3n de b\u00e9isbol de la provincia de Santo Domingo, Cristian Pimentel.<\/p>\n<p>La actividad inicio con el desfile de los equipos participantes \u00a0al compas de la banda de m\u00fasica de la Polic\u00eda Nacional y la Fuerza A\u00e9rea de Rep\u00fablica Dominicana en la Plaza Camino Real de la ciudad Juan Bosch.<\/p>\n<p>Diferentes autoridades estuvieron presentes encabezada por el presidente de la liga deportiva, Jos\u00e9 Luis Quezada, Cristian Pimentel, presidente de la asociaci\u00f3n de b\u00e9isbol de la provincia de Santo Domingo, \u00a0Abner Mart\u00ednez, minialcade de la ciudad Juan Bosch, Fernando Custodio, cronista deportivo, Petra N\u00fa\u00f1ez, encargada de recreaci\u00f3n deportiva, el coronel Richard Roa, encargado seguridad ciudad Juan Bosch y Niovi Santos, \u00a0subdirectora Ciudad Juan Bosch.<\/p>\n<p>Palabras de bienvenida<\/p>\n<p>El presidente de la liga deportiva, agradeci\u00f3 primero a Dios por brindarle la oportunidad de celebrar un aniversario m\u00e1s de su instituci\u00f3n, a las autoridades, padres de los ni\u00f1os y a todo su equipo que le acompa\u00f1a cada d\u00eda para en el desarrollo de los atletas.<\/p>\n<p>Tambi\u00e9n manifest\u00f3 su satisfacci\u00f3n por el apoyo brindado durante este tiempo a cada una de las organizaciones de Grandes Ligas, quienes han sido de mucho soporte.<\/p>\n<p>Palabras exhortaci\u00f3n<\/p>\n<p>Abner Mart\u00ednez, minialcade de la ciudad de Juan Bosch, felicit\u00f3 a la liga Quezada por los aportes que viene haciendo a la sociedad y agreg\u00f3 que pueden seguir contando con el ayuntamiento de Santo Domingo Este, que dirige Dio Astacio.<\/p>\n<p>Reconocimientos<\/p>\n<p>Cristian Pimentel, presidente de la asociaci\u00f3n de b\u00e9isbol de la provincia de Santo Domingo, resalt\u00f3 el trabajo sin descanso que ha tenido Jos\u00e9 Luis Quezada al frente de la liga deportiva y adem\u00e1s agradeci\u00f3 el gesto de dedicar dicho torneo a su persona.<\/p>\n<p>La actividad fue propicia para reconocer a seis profesores de educaci\u00f3n f\u00edsica, por su ardua labor y entrega en las diferentes instituciones educativas que laboran.<\/p>\n<p>Durante la ceremonia la fundaci\u00f3n Todo Por la M\u00fasica, realiz\u00f3 una presentaci\u00f3n interpretando diferentes canciones para todos los presentes.<\/p>\n<p>Otras personalidades estuvieron presentes fueron coaches de los equipos de los Cerveceros de Milwaukee, Mellizos de Minnesota y Chicago Cubs.<\/p>\n<p>La justa cuenta con la participaci\u00f3n de m\u00e1s de 200 ni\u00f1os divididos en 4 categor\u00edas y 3 equipos y estar\u00e1n jugando durante un mes.<\/p>\n","protected":false},"excerpt":{"rendered":"<p>Santo Domingo. La Liga Deportiva Quezada dej\u00f3 inaugurado la novena versi\u00f3n de su torneo de verano 2025 el cual tiene especial dedicatoria al presidente de la asociaci\u00f3n de b\u00e9isbol de la provincia de Santo Domingo, Cristian Pimentel. La actividad inicio con el desfile de los equipos participantes \u00a0al compas de la banda de m\u00fasica de [&hellip;]<\/p>\n","protected":false},"author":13,"featured_media":130921,"comment_status":"closed","ping_status":"closed","sticky":false,"template":"","format":"standard","meta":[],"categories":[2,4,60],"tags":[24168],"acf":[],"_links":{"self":[{"href":"https:\/\/colimdo.org\/wp-api\/wp\/v2\/posts\/130920"}],"collection":[{"href":"https:\/\/colimdo.org\/wp-api\/wp\/v2\/posts"}],"about":[{"href":"https:\/\/colimdo.org\/wp-api\/wp\/v2\/types\/post"}],"author":[{"embeddable":true,"href":"https:\/\/colimdo.org\/wp-api\/wp\/v2\/users\/13"}],"replies":[{"embeddable":true,"href":"https:\/\/colimdo.org\/wp-api\/wp\/v2\/comments?post=130920"}],"version-history":[{"count":1,"href":"https:\/\/colimdo.org\/wp-api\/wp\/v2\/posts\/130920\/revisions"}],"predecessor-version":[{"id":130922,"href":"https:\/\/colimdo.org\/wp-api\/wp\/v2\/posts\/130920\/revisions\/130922"}],"wp:featuredmedia":[{"embeddable":true,"href":"https:\/\/colimdo.org\/wp-api\/wp\/v2\/media\/130921"}],"wp:attachment":[{"href":"https:\/\/colimdo.org\/wp-api\/wp\/v2\/media?parent=130920"}],"wp:term":[{"taxonomy":"category","embeddable":true,"href":"https:\/\/colimdo.org\/wp-api\/wp\/v2\/categories?post=130920"},{"taxonomy":"post_tag","embeddable":true,"href":"https:\/\/colimdo.org\/wp-api\/wp\/v2\/tags?post=130920"}],"curies":[{"name":"wp","href":"https:\/\/api.w.org\/{rel}","templated":true}]}}