{"id":130947,"date":"2025-07-08T17:18:02","date_gmt":"2025-07-08T17:18:02","guid":{"rendered":"https:\/\/colimdo.org\/?p=130947"},"modified":"2025-07-08T17:18:02","modified_gmt":"2025-07-08T17:18:02","slug":"fundacion-y-club-mauricio-baez-inician-campamento-de-verano","status":"publish","type":"post","link":"https:\/\/colimdo.org\/noticias\/fundacion-y-club-mauricio-baez-inician-campamento-de-verano\/","title":{"rendered":"Fundaci\u00f3n y Club Mauricio B\u00e1ez inician Campamento de Verano"},"content":{"rendered":"<p>Santo Domingo. La fiesta infantil de Villa Juana y sectores aleda\u00f1os inici\u00f3 esta semana con la apertura del Campamento de Verano de la Fundaci\u00f3n y el Club Mauricio B\u00e1ez, en su versi\u00f3n n\u00famero 13, que se estar\u00e1 desarrollando del 7 y al 25 de julio, en las instalaciones de la entidad de manera gratuita.<\/p>\n<p>Unos 930 ni\u00f1os, ni\u00f1as y adolescentes estar\u00e1n siendo asistidos por 200 colaboradores, en una jornada cargada de aprendizaje y diversi\u00f3n, que contar\u00e1 con talleres art\u00edsticos y deportivos, adem\u00e1s de charlas educativas.<\/p>\n<p>El presidente de la Fundaci\u00f3n Mauricio B\u00e1ez, C\u00e9sar Heredia, explic\u00f3 que c\u00f3mo cada a\u00f1o, la entidad y el Club Mauricio B\u00e1ez a\u00fanan esfuerzos, junto al respaldo de diferentes empresas y colaboradores, encabezados por el Banco de Reservas, para que los padres que no cuentan con recursos para el pago de campamentos privados puedan enviar a sus hijos a disfrutar confiadamente de un espacio de diversi\u00f3n y ense\u00f1anza durante tres semanas.<\/p>\n<p>\u201cNuevamente traemos este campamento gratuito, donde los ni\u00f1os tendr\u00e1n la oportunidad de divertirse, pero al mismo tiempo de aprender en medio de sus vacaciones de verano\u201d, expres\u00f3 Heredia.<\/p>\n<p>El presidente fundador de la entidad, Leo Corpor\u00e1n, dijo que cada a\u00f1o preparan con entusiasmo la jornada, que contribuye a que los ni\u00f1os, ni\u00f1as y adolescentes de Villa Juana tengan un espacio para pasar sus vacaciones.<br \/>\n\u201cAqu\u00ed siempre los esperamos con ansias, para brindarles una experiencia de disfrute y de ense\u00f1anza. En lugar de los muchachos estar en ocio en las vacaciones, aqu\u00ed tienen un espacio para aprender y divertirse\u201d, manifest\u00f3.<\/p>\n<p>Asimismo, el presidente del Club Mauricio B\u00e1ez, inmortal del deporte dominicano Jos\u00e9 -Boy\u00f3n-Dom\u00ednguez, dijo que durante la celebraci\u00f3n del campamento los ni\u00f1os y j\u00f3venes de Villa Juana dijo que como cada a\u00f1o el campamento contar\u00e1 con diferentes disciplinas deportivas que ser\u00e1n impartidas en cl\u00ednicas a los participantes, a modo de motivarlos a que desarrollen una vida sana.<\/p>\n<p>De su lado, Silvania Aquino, directora del campamento, resalt\u00f3 que como cada a\u00f1o la misi\u00f3n es educar a los peque\u00f1os, sin olvidar que est\u00e1n de vacaciones.<\/p>\n<p>\u201cLos ni\u00f1os y las ni\u00f1as obtendr\u00e1n diferentes aprendizajes educativos, deportivos y culturales, as\u00ed como el fomento de la independencia personal, responsabilidad, trabajo en equipo y capacidad de adaptaci\u00f3n\u201d, inform\u00f3 Aquino, quien se\u00f1al\u00f3 que el objetivo es fortalecer las actividades sociales y emocionales, a trav\u00e9s de una vida m\u00e1s saludable y llena de valores.<\/p>\n<p>El campamento cuenta con un equipo multidisciplinario de voluntarios y seguridad perimetral, adem\u00e1s de un equipo m\u00e9dico que estar\u00e1 en permanente vigilancia de los participantes.<\/p>\n<p><strong>Programa<\/strong><\/p>\n<p>Desde las 8:00 de la ma\u00f1ana hasta la 1:00 de la tarde, durante tres semanas, los campistas de Villa Juana y sectores aleda\u00f1os disfrutar\u00e1n de talleres de danza, m\u00fasica, lectura, pintura, fotograf\u00eda, inform\u00e1tica y barro.<br \/>\nDe igual modo, se desarrollar\u00e1n actividades deportivas de baloncesto, voleibol y taekwondo. Asimismo, podr\u00e1n aprender con las charlas de prevenci\u00f3n de incendios, primeros auxilios, ahorro de dinero, cuidado del agua e higiene bucal.<\/p>\n<p>Dichas charlas ser\u00e1n impartidas por el Cuerpo de Bomberos del Distrito Nacional, Junta Central Electoral, Sistema Nacional de Emergencias 911, Banco del Reservas, Corporaci\u00f3n de Acueducto y Alcantarillado de Santo Domingo y Colgate.<\/p>\n","protected":false},"excerpt":{"rendered":"<p>Santo Domingo. La fiesta infantil de Villa Juana y sectores aleda\u00f1os inici\u00f3 esta semana con la apertura del Campamento de Verano de la Fundaci\u00f3n y el Club Mauricio B\u00e1ez, en su versi\u00f3n n\u00famero 13, que se estar\u00e1 desarrollando del 7 y al 25 de julio, en las instalaciones de la entidad de manera gratuita. Unos [&hellip;]<\/p>\n","protected":false},"author":13,"featured_media":130948,"comment_status":"closed","ping_status":"closed","sticky":false,"template":"","format":"standard","meta":[],"categories":[83143,2,60],"tags":[100446],"acf":[],"_links":{"self":[{"href":"https:\/\/colimdo.org\/wp-api\/wp\/v2\/posts\/130947"}],"collection":[{"href":"https:\/\/colimdo.org\/wp-api\/wp\/v2\/posts"}],"about":[{"href":"https:\/\/colimdo.org\/wp-api\/wp\/v2\/types\/post"}],"author":[{"embeddable":true,"href":"https:\/\/colimdo.org\/wp-api\/wp\/v2\/users\/13"}],"replies":[{"embeddable":true,"href":"https:\/\/colimdo.org\/wp-api\/wp\/v2\/comments?post=130947"}],"version-history":[{"count":1,"href":"https:\/\/colimdo.org\/wp-api\/wp\/v2\/posts\/130947\/revisions"}],"predecessor-version":[{"id":130949,"href":"https:\/\/colimdo.org\/wp-api\/wp\/v2\/posts\/130947\/revisions\/130949"}],"wp:featuredmedia":[{"embeddable":true,"href":"https:\/\/colimdo.org\/wp-api\/wp\/v2\/media\/130948"}],"wp:attachment":[{"href":"https:\/\/colimdo.org\/wp-api\/wp\/v2\/media?parent=130947"}],"wp:term":[{"taxonomy":"category","embeddable":true,"href":"https:\/\/colimdo.org\/wp-api\/wp\/v2\/categories?post=130947"},{"taxonomy":"post_tag","embeddable":true,"href":"https:\/\/colimdo.org\/wp-api\/wp\/v2\/tags?post=130947"}],"curies":[{"name":"wp","href":"https:\/\/api.w.org\/{rel}","templated":true}]}}